{"id":112709,"date":"2024-09-18T10:05:20","date_gmt":"2024-09-18T13:05:20","guid":{"rendered":"https:\/\/blogdoedvaldomagalhaes.com.br\/?p=112709"},"modified":"2024-09-18T10:05:20","modified_gmt":"2024-09-18T13:05:20","slug":"pesquisa-datatrends-aponta-vitoria-de-rodrigo-pinheiro-ja-no-1o-turno-das-eleicoes-em-caruaru","status":"publish","type":"post","link":"https:\/\/blogdoedvaldomagalhaes.com.br\/index.php\/2024\/09\/18\/pesquisa-datatrends-aponta-vitoria-de-rodrigo-pinheiro-ja-no-1o-turno-das-eleicoes-em-caruaru\/","title":{"rendered":"Pesquisa DataTrends aponta vit\u00f3ria de Rodrigo Pinheiro j\u00e1 no 1\u00ba turno das elei\u00e7\u00f5es em Caruaru"},"content":{"rendered":"<p>Marcada por apresenta\u00e7\u00f5es de proposituras de forma limpa, transparente e pautada pela verdade, a campanha do prefeito e candidato \u00e0 reelei\u00e7\u00e3o em Caruaru, Rodrigo Pinheiro (PSDB), nestas elei\u00e7\u00f5es municipais 2024, vem dando demonstra\u00e7\u00f5es que est\u00e1 sendo apoiada pela grande maioria do eleitorado caruaruense. Al\u00e9m da ades\u00e3o gigantesca sentida nas ruas, o mais novo reflexo disso foi o resultado da pesquisa de inten\u00e7\u00f5es de votos para Prefeitura de Caruaru, que foi divulgada, nesta quarta-feira (18), pelo Instituto de Pesquisas de Opini\u00e3o DataTrends.   <\/p>\n<p>O levantamento realizado, nos \u00faltimos dias 11 e 12, na Capital do Agreste, apontou que Rodrigo Pinheiro se encontra bastante pr\u00f3ximo de renovar o seu mandato \u00e0 frente da Prefeitura, j\u00e1 no dia 6 de outubro, quando ocorrer\u00e1 o 1\u00ba turno, em todo o pa\u00eds. Ele lidera com 50% do total de votos v\u00e1lidos, ou seja, apenas 1% para atingir o percentual necess\u00e1rio para vencer j\u00e1 na primeira etapa, bem como em todos os cen\u00e1rios pesquisados, com exce\u00e7\u00e3o do quesito rejei\u00e7\u00e3o.<\/p>\n<p>Na estimulada, Rodrigo lidera com 45% das inten\u00e7\u00f5es de votos, enquanto que na espont\u00e2nea, com 41%, estando \u00e0 frente do segundo colocado, Z\u00e9 Queiroz (PDT), respectivamente, com 8 e 11 pontos de diferen\u00e7a. De acordo ainda com a pesquisa DataTrends, o atual prefeito possui uma aprova\u00e7\u00e3o de governo de 59%, bem como uma expectativa de vit\u00f3ria nas elei\u00e7\u00f5es, de 53%. J\u00e1 no quesito rejei\u00e7\u00e3o, Rodrigo ocupa a \u00faltima posi\u00e7\u00e3o no ranking com 39%.         <\/p>\n<p>O levantamento est\u00e1 registrado no TSE com o N\u00ba 03366-2024. Ao todo, foram pesquisadas 600 pessoas, com um grau de confian\u00e7a de 95% e uma margem de erro de 4%.<br \/>\nFoto: Divulga\u00e7\u00e3o\/Assessoria<br \/>\nSeja seguidor do Instagram do Blog @blogdoedvaldomagalhaes<\/p>\n","protected":false},"excerpt":{"rendered":"<p>Marcada por apresenta\u00e7\u00f5es de proposituras de forma limpa, transparente e pautada pela verdade, a campanha do prefeito e candidato \u00e0&hellip;<\/p>\n","protected":false},"author":1,"featured_media":112710,"comment_status":"closed","ping_status":"open","sticky":false,"template":"","format":"standard","meta":{"footnotes":""},"categories":[14122],"tags":[28803,27410,2,28801,19613,13428,31670,20],"class_list":["post-112709","post","type-post","status-publish","format-standard","has-post-thumbnail","hentry","category-politica","tag-blog-com-mais-visualizacoes","tag-blog-de-caruaru","tag-blog-do-edvaldo-magalhaes","tag-blog-mais-acessado","tag-eleicoes","tag-pesquisa","tag-pesquisa-datatrends-aponta-vitoria-de-rodrigo-pinheiro-ja-no-1o-turno-das-eleicoes-em-caruaru","tag-politica"],"_links":{"self":[{"href":"https:\/\/blogdoedvaldomagalhaes.com.br\/index.php\/wp-json\/wp\/v2\/posts\/112709","targetHints":{"allow":["GET"]}}],"collection":[{"href":"https:\/\/blogdoedvaldomagalhaes.com.br\/index.php\/wp-json\/wp\/v2\/posts"}],"about":[{"href":"https:\/\/blogdoedvaldomagalhaes.com.br\/index.php\/wp-json\/wp\/v2\/types\/post"}],"author":[{"embeddable":true,"href":"https:\/\/blogdoedvaldomagalhaes.com.br\/index.php\/wp-json\/wp\/v2\/users\/1"}],"replies":[{"embeddable":true,"href":"https:\/\/blogdoedvaldomagalhaes.com.br\/index.php\/wp-json\/wp\/v2\/comments?post=112709"}],"version-history":[{"count":1,"href":"https:\/\/blogdoedvaldomagalhaes.com.br\/index.php\/wp-json\/wp\/v2\/posts\/112709\/revisions"}],"predecessor-version":[{"id":112711,"href":"https:\/\/blogdoedvaldomagalhaes.com.br\/index.php\/wp-json\/wp\/v2\/posts\/112709\/revisions\/112711"}],"wp:featuredmedia":[{"embeddable":true,"href":"https:\/\/blogdoedvaldomagalhaes.com.br\/index.php\/wp-json\/wp\/v2\/media\/112710"}],"wp:attachment":[{"href":"https:\/\/blogdoedvaldomagalhaes.com.br\/index.php\/wp-json\/wp\/v2\/media?parent=112709"}],"wp:term":[{"taxonomy":"category","embeddable":true,"href":"https:\/\/blogdoedvaldomagalhaes.com.br\/index.php\/wp-json\/wp\/v2\/categories?post=112709"},{"taxonomy":"post_tag","embeddable":true,"href":"https:\/\/blogdoedvaldomagalhaes.com.br\/index.php\/wp-json\/wp\/v2\/tags?post=112709"}],"curies":[{"name":"wp","href":"https:\/\/api.w.org\/{rel}","templated":true}]}}