{"id":112705,"date":"2024-09-18T09:36:59","date_gmt":"2024-09-18T12:36:59","guid":{"rendered":"https:\/\/blogdoedvaldomagalhaes.com.br\/?p=112705"},"modified":"2024-09-18T09:36:59","modified_gmt":"2024-09-18T12:36:59","slug":"aulas-gratuitas-de-danca-e-percussao-em-caruaru-tem-inicio-nesta-semana","status":"publish","type":"post","link":"https:\/\/blogdoedvaldomagalhaes.com.br\/index.php\/2024\/09\/18\/aulas-gratuitas-de-danca-e-percussao-em-caruaru-tem-inicio-nesta-semana\/","title":{"rendered":"Aulas gratuitas de dan\u00e7a e percuss\u00e3o em Caruaru t\u00eam in\u00edcio nesta semana"},"content":{"rendered":"<p>Ter\u00e1 in\u00edcio, nesta quarta-feira (18), o projeto \u201cDan\u00e7a na Rua &#8211; Corpo Batuque\u201d, que vai oferecer aulas gratuitas de dan\u00e7a, percuss\u00e3o duas viv\u00eancias para compartilhar saberes em Caruaru. As oficinas seguir\u00e3o at\u00e9 o dia 20 de novembro, \u00e0s quartas e s\u00e1bados, entre 16h e 19h. Os interessados podem se inscrever pelo formul\u00e1rio eletr\u00f4nico: https:\/\/forms.gle\/chxr1vMa1H1FQoUK8. <\/p>\n<p>O projeto tem o objetivo de democratizar o acesso \u00e0 arte e \u00e0 cultura popular afro-brasileira e ind\u00edgena, ocupando espa\u00e7os p\u00fablicos da cidade e tornando acess\u00edvel a arte da dan\u00e7a e da m\u00fasica.  A a\u00e7\u00e3o \u00e9 voltada para o p\u00fablico em geral, artistas e educadores interessados no tema e conta com aulas de dan\u00e7a com Marcela Felipe, na Via Parque ao lado da Esta\u00e7\u00e3o Ferrovi\u00e1ria e aulas de percuss\u00e3o com Fabr\u00edcio Cajueiro, no Marco Zero, em frente a igreja. Ao todo, ser\u00e3o 16 aulas com dura\u00e7\u00e3o de duas horas cada. <\/p>\n<p>A atividade foi contemplada nos editais da Lei Paulo Gustavo de Pernambuco e tem apoio financeiro do Governo do Estado de Pernambuco, atrav\u00e9s da Secretaria de Cultura do Estado via Lei Paulo Gustavo, direcionada pelo Minist\u00e9rio da Cultura &#8211; Governo Federal. Mais informa\u00e7\u00f5es podem ser acessadas por meio do instagram do projeto: www.instagram.com\/dancanarua.<br \/>\n_Projeto Dan\u00e7a na Rua &#8211; Corpo Batuque_<br \/>\nData: 18 de setembro a 20 de novembro<\/p>\n<p>Aulas de dan\u00e7a<br \/>\nData: \u00c0s quartas-feiras<br \/>\nHora: 19h<br \/>\nLocal: Trecho da Via Parque ao lado da Esta\u00e7\u00e3o Ferrovi\u00e1ria de Caruaru<br \/>\nOficineira: Marcela Felipe<\/p>\n<p>Aulas de percuss\u00e3o<br \/>\nData: Aos s\u00e1bados<br \/>\nHora: 16h<br \/>\nLocal: Marco Zero de Caruaru, em frente \u00e0 Igreja da Concei\u00e7\u00e3o<br \/>\nOficineiro: Fabr\u00edcio Cajueiro.<br \/>\nFoto: Hellen Gouveia.<br \/>\nSeja seguidor do Instagram do Blog @blogdoedvaldomagalhaes<\/p>\n","protected":false},"excerpt":{"rendered":"<p>Ter\u00e1 in\u00edcio, nesta quarta-feira (18), o projeto \u201cDan\u00e7a na Rua &#8211; Corpo Batuque\u201d, que vai oferecer aulas gratuitas de dan\u00e7a,&hellip;<\/p>\n","protected":false},"author":1,"featured_media":112706,"comment_status":"closed","ping_status":"open","sticky":false,"template":"","format":"standard","meta":{"footnotes":""},"categories":[14120],"tags":[31669,29440,27410,2,28801],"class_list":["post-112705","post","type-post","status-publish","format-standard","has-post-thumbnail","hentry","category-noticias","tag-aulas-gratuitas-de-danca-e-percussao-em-caruaru-tem-inicio-nesta-semana","tag-blog-com-mais-visualizacao","tag-blog-de-caruaru","tag-blog-do-edvaldo-magalhaes","tag-blog-mais-acessado"],"_links":{"self":[{"href":"https:\/\/blogdoedvaldomagalhaes.com.br\/index.php\/wp-json\/wp\/v2\/posts\/112705","targetHints":{"allow":["GET"]}}],"collection":[{"href":"https:\/\/blogdoedvaldomagalhaes.com.br\/index.php\/wp-json\/wp\/v2\/posts"}],"about":[{"href":"https:\/\/blogdoedvaldomagalhaes.com.br\/index.php\/wp-json\/wp\/v2\/types\/post"}],"author":[{"embeddable":true,"href":"https:\/\/blogdoedvaldomagalhaes.com.br\/index.php\/wp-json\/wp\/v2\/users\/1"}],"replies":[{"embeddable":true,"href":"https:\/\/blogdoedvaldomagalhaes.com.br\/index.php\/wp-json\/wp\/v2\/comments?post=112705"}],"version-history":[{"count":1,"href":"https:\/\/blogdoedvaldomagalhaes.com.br\/index.php\/wp-json\/wp\/v2\/posts\/112705\/revisions"}],"predecessor-version":[{"id":112707,"href":"https:\/\/blogdoedvaldomagalhaes.com.br\/index.php\/wp-json\/wp\/v2\/posts\/112705\/revisions\/112707"}],"wp:featuredmedia":[{"embeddable":true,"href":"https:\/\/blogdoedvaldomagalhaes.com.br\/index.php\/wp-json\/wp\/v2\/media\/112706"}],"wp:attachment":[{"href":"https:\/\/blogdoedvaldomagalhaes.com.br\/index.php\/wp-json\/wp\/v2\/media?parent=112705"}],"wp:term":[{"taxonomy":"category","embeddable":true,"href":"https:\/\/blogdoedvaldomagalhaes.com.br\/index.php\/wp-json\/wp\/v2\/categories?post=112705"},{"taxonomy":"post_tag","embeddable":true,"href":"https:\/\/blogdoedvaldomagalhaes.com.br\/index.php\/wp-json\/wp\/v2\/tags?post=112705"}],"curies":[{"name":"wp","href":"https:\/\/api.w.org\/{rel}","templated":true}]}}