{"id":112702,"date":"2024-09-18T08:55:49","date_gmt":"2024-09-18T11:55:49","guid":{"rendered":"https:\/\/blogdoedvaldomagalhaes.com.br\/?p=112702"},"modified":"2024-09-18T08:55:49","modified_gmt":"2024-09-18T11:55:49","slug":"prefeitura-de-caruaru-recebe-sua-primeira-cozinha-comunitaria-com-implantacao-no-dia-20-de-setembro","status":"publish","type":"post","link":"https:\/\/blogdoedvaldomagalhaes.com.br\/index.php\/2024\/09\/18\/prefeitura-de-caruaru-recebe-sua-primeira-cozinha-comunitaria-com-implantacao-no-dia-20-de-setembro\/","title":{"rendered":"Prefeitura de Caruaru recebe sua primeira Cozinha Comunit\u00e1ria com implanta\u00e7\u00e3o no dia 20 de setembro"},"content":{"rendered":"<p>A Prefeitura de Caruaru, por meio da Secretaria de Desenvolvimento Social e Direitos Humanos (SDSDH), implantar\u00e1, na pr\u00f3xima sexta-feira (20.09), a Cozinha Comunit\u00e1ria da Vila do Aeroporto. O evento ser\u00e1 realizado das 9h \u00e0s 12h, na Avenida Le\u00e3o Dourado, 2403, Galp\u00e3o 8, no bairro Kennedy. <\/p>\n<p>A entrega contar\u00e1 com benefici\u00e1rios(as), servidores da SDSDH, representantes do Conselho Municipal de Seguran\u00e7a Alimentar e Nutricional e convidados que atuam na \u00e1rea de seguran\u00e7a alimentar e nutricional.<\/p>\n<p>Com uma estimativa de p\u00fablico de cerca de 300 pessoas, o evento marca a abertura da primeira Cozinha Comunit\u00e1ria do munic\u00edpio de Caruaru e a 161\u00aa unidade do Estado de Pernambuco. <\/p>\n<p>Este importante equipamento p\u00fablico, inserido no Programa Bom Prato, \u00e9 coordenado pela Secretaria de Assist\u00eancia Social, Combate \u00e0 Fome e Pol\u00edticas sobre Drogas, por meio da Secretaria Executiva de Combate \u00e0 Fome (SECOF). A Cozinha Comunit\u00e1ria tem como objetivo garantir a oferta di\u00e1ria de 200 refei\u00e7\u00f5es saud\u00e1veis  para pessoas em situa\u00e7\u00e3o de vulnerabilidade social e inseguran\u00e7a alimentar, especialmente residentes na Vila do Aeroporto e \u00e1reas pr\u00f3ximas.<\/p>\n<p>Al\u00e9m da produ\u00e7\u00e3o de refei\u00e7\u00f5es de segunda a sexta-feira, a Cozinha Comunit\u00e1ria desempenha um papel essencial na inclus\u00e3o social produtiva, fortalecendo a a\u00e7\u00e3o coletiva e a identidade comunit\u00e1ria. As pessoas atendidas s\u00e3o referenciadas e\/ou acompanhadas pelo Centro de Refer\u00eancia de Assist\u00eancia Social (CRAS) Maria Auxiliadora, garantindo assim o acesso a uma alimenta\u00e7\u00e3o digna e nutritiva.<\/p>\n<p>A equipe que conduzir\u00e1 as atividades da unidade ser\u00e1 composta por uma nutricionista, uma cozinheira, tr\u00eas auxiliares de cozinha, um auxiliar de servi\u00e7os gerais e um auxiliar administrativo, formando um time dedicado \u00e0 promo\u00e7\u00e3o da seguran\u00e7a alimentar e \u00e0 garantia do Direito Humano \u00e0 Alimenta\u00e7\u00e3o e Nutri\u00e7\u00e3o Adequadas.<\/p>\n<p>A implanta\u00e7\u00e3o da Cozinha Comunit\u00e1ria da Vila do Aeroporto refor\u00e7a o compromisso de Caruaru no combate \u00e0 fome e na promo\u00e7\u00e3o de pol\u00edticas p\u00fablicas que atendam \u00e0s necessidades b\u00e1sicas da popula\u00e7\u00e3o mais vulner\u00e1vel.<br \/>\nFoto: Divulga\u00e7\u00e3o<br \/>\nSeja seguidor do Instagram do Blog @blogdoedvaldomagalhaes<\/p>\n","protected":false},"excerpt":{"rendered":"<p>A Prefeitura de Caruaru, por meio da Secretaria de Desenvolvimento Social e Direitos Humanos (SDSDH), implantar\u00e1, na pr\u00f3xima sexta-feira (20.09),&hellip;<\/p>\n","protected":false},"author":1,"featured_media":112703,"comment_status":"closed","ping_status":"open","sticky":false,"template":"","format":"standard","meta":{"footnotes":""},"categories":[14120],"tags":[28803,27410,13146,28801,31668],"class_list":["post-112702","post","type-post","status-publish","format-standard","has-post-thumbnail","hentry","category-noticias","tag-blog-com-mais-visualizacoes","tag-blog-de-caruaru","tag-blog-edvaldo-magalhaes","tag-blog-mais-acessado","tag-prefeitura-de-caruaru-recebe-sua-primeira-cozinha-comunitaria-com-implantacao-no-dia-20-de-setembro"],"_links":{"self":[{"href":"https:\/\/blogdoedvaldomagalhaes.com.br\/index.php\/wp-json\/wp\/v2\/posts\/112702","targetHints":{"allow":["GET"]}}],"collection":[{"href":"https:\/\/blogdoedvaldomagalhaes.com.br\/index.php\/wp-json\/wp\/v2\/posts"}],"about":[{"href":"https:\/\/blogdoedvaldomagalhaes.com.br\/index.php\/wp-json\/wp\/v2\/types\/post"}],"author":[{"embeddable":true,"href":"https:\/\/blogdoedvaldomagalhaes.com.br\/index.php\/wp-json\/wp\/v2\/users\/1"}],"replies":[{"embeddable":true,"href":"https:\/\/blogdoedvaldomagalhaes.com.br\/index.php\/wp-json\/wp\/v2\/comments?post=112702"}],"version-history":[{"count":1,"href":"https:\/\/blogdoedvaldomagalhaes.com.br\/index.php\/wp-json\/wp\/v2\/posts\/112702\/revisions"}],"predecessor-version":[{"id":112704,"href":"https:\/\/blogdoedvaldomagalhaes.com.br\/index.php\/wp-json\/wp\/v2\/posts\/112702\/revisions\/112704"}],"wp:featuredmedia":[{"embeddable":true,"href":"https:\/\/blogdoedvaldomagalhaes.com.br\/index.php\/wp-json\/wp\/v2\/media\/112703"}],"wp:attachment":[{"href":"https:\/\/blogdoedvaldomagalhaes.com.br\/index.php\/wp-json\/wp\/v2\/media?parent=112702"}],"wp:term":[{"taxonomy":"category","embeddable":true,"href":"https:\/\/blogdoedvaldomagalhaes.com.br\/index.php\/wp-json\/wp\/v2\/categories?post=112702"},{"taxonomy":"post_tag","embeddable":true,"href":"https:\/\/blogdoedvaldomagalhaes.com.br\/index.php\/wp-json\/wp\/v2\/tags?post=112702"}],"curies":[{"name":"wp","href":"https:\/\/api.w.org\/{rel}","templated":true}]}}