{"id":112699,"date":"2024-09-18T08:38:31","date_gmt":"2024-09-18T11:38:31","guid":{"rendered":"https:\/\/blogdoedvaldomagalhaes.com.br\/?p=112699"},"modified":"2024-09-18T08:38:31","modified_gmt":"2024-09-18T11:38:31","slug":"caminhonete-carregada-com-156-kg-de-maconha-e-apreendida-pela-prf-na-br-232","status":"publish","type":"post","link":"https:\/\/blogdoedvaldomagalhaes.com.br\/index.php\/2024\/09\/18\/caminhonete-carregada-com-156-kg-de-maconha-e-apreendida-pela-prf-na-br-232\/","title":{"rendered":"Caminhonete carregada com 156 Kg de maconha \u00e9 apreendida pela PRF na BR 232"},"content":{"rendered":"<p>Um total de 156 Kg de maconha que eram transportaddos em uma caminhonete foram apreendidos, nesta ter\u00e7a-feira (17), na BR 232, em Sert\u00e2nia, no Sert\u00e3o de Pernambuco.  O motorista do ve\u00edculo foi detido pela Pol\u00edcia Rodovi\u00e1ria Federal (PRF). <\/p>\n<p>Policiais realizavam uma fiscaliza\u00e7\u00e3o no Km 278 da rodovia, quando abordaram uma caminhonete com placas do Mercosul. Durante a abordagem, a equipe sentiu um odor t\u00edpico de maconha e constatou que eram transportados 10 sacos da droga no interior e no porta-malas do ve\u00edculo.<\/p>\n<p>O motorista disse que havia pego o ve\u00edculo emprestado com um amigo no Sert\u00e3o, onde a maconha foi colocada na caminhonete e deixada em um posto de combust\u00edvel. Em seguida, ele levaria a droga at\u00e9 o Agreste do estado.<\/p>\n<p>O homem foi encaminhado \u00e0 Delegacia de Pol\u00edcia Civil  de Sert\u00e2nia e poder\u00e1 responder por tr\u00e1fico de drogas.<br \/>\nFoto: Divulga\u00e7\u00e3o\/PMPE<br \/>\nSeja seguidor do Instagram do Blog @blogdoedvaldomagalhaes<\/p>\n","protected":false},"excerpt":{"rendered":"<p>Um total de 156 Kg de maconha que eram transportaddos em uma caminhonete foram apreendidos, nesta ter\u00e7a-feira (17), na BR&hellip;<\/p>\n","protected":false},"author":1,"featured_media":112700,"comment_status":"closed","ping_status":"open","sticky":false,"template":"","format":"standard","meta":{"footnotes":""},"categories":[14121],"tags":[28803,27410,13146,28801,31667],"class_list":["post-112699","post","type-post","status-publish","format-standard","has-post-thumbnail","hentry","category-policial","tag-blog-com-mais-visualizacoes","tag-blog-de-caruaru","tag-blog-edvaldo-magalhaes","tag-blog-mais-acessado","tag-caminhonete-carregada-com-156-kg-de-maconha-e-apreendida-pela-prf-em-sertania"],"_links":{"self":[{"href":"https:\/\/blogdoedvaldomagalhaes.com.br\/index.php\/wp-json\/wp\/v2\/posts\/112699","targetHints":{"allow":["GET"]}}],"collection":[{"href":"https:\/\/blogdoedvaldomagalhaes.com.br\/index.php\/wp-json\/wp\/v2\/posts"}],"about":[{"href":"https:\/\/blogdoedvaldomagalhaes.com.br\/index.php\/wp-json\/wp\/v2\/types\/post"}],"author":[{"embeddable":true,"href":"https:\/\/blogdoedvaldomagalhaes.com.br\/index.php\/wp-json\/wp\/v2\/users\/1"}],"replies":[{"embeddable":true,"href":"https:\/\/blogdoedvaldomagalhaes.com.br\/index.php\/wp-json\/wp\/v2\/comments?post=112699"}],"version-history":[{"count":1,"href":"https:\/\/blogdoedvaldomagalhaes.com.br\/index.php\/wp-json\/wp\/v2\/posts\/112699\/revisions"}],"predecessor-version":[{"id":112701,"href":"https:\/\/blogdoedvaldomagalhaes.com.br\/index.php\/wp-json\/wp\/v2\/posts\/112699\/revisions\/112701"}],"wp:featuredmedia":[{"embeddable":true,"href":"https:\/\/blogdoedvaldomagalhaes.com.br\/index.php\/wp-json\/wp\/v2\/media\/112700"}],"wp:attachment":[{"href":"https:\/\/blogdoedvaldomagalhaes.com.br\/index.php\/wp-json\/wp\/v2\/media?parent=112699"}],"wp:term":[{"taxonomy":"category","embeddable":true,"href":"https:\/\/blogdoedvaldomagalhaes.com.br\/index.php\/wp-json\/wp\/v2\/categories?post=112699"},{"taxonomy":"post_tag","embeddable":true,"href":"https:\/\/blogdoedvaldomagalhaes.com.br\/index.php\/wp-json\/wp\/v2\/tags?post=112699"}],"curies":[{"name":"wp","href":"https:\/\/api.w.org\/{rel}","templated":true}]}}