{"id":112696,"date":"2024-09-17T21:51:07","date_gmt":"2024-09-18T00:51:07","guid":{"rendered":"https:\/\/blogdoedvaldomagalhaes.com.br\/?p=112696"},"modified":"2024-09-17T21:51:07","modified_gmt":"2024-09-18T00:51:07","slug":"ze-queiroz-anuncia-programa-de-formacao-em-tecnologia-para-os-jovens","status":"publish","type":"post","link":"https:\/\/blogdoedvaldomagalhaes.com.br\/index.php\/2024\/09\/17\/ze-queiroz-anuncia-programa-de-formacao-em-tecnologia-para-os-jovens\/","title":{"rendered":"Z\u00e9 Queiroz anuncia programa de forma\u00e7\u00e3o em tecnologia para os jovens"},"content":{"rendered":"<p>O candidato Z\u00e9 Queiroz (PDT) segue propondo a\u00e7\u00f5es inovadoras para a educa\u00e7\u00e3o p\u00fablica em Caruaru. Nesta segunda (16), ele anunciou o Embarque Digital, para a turma que est\u00e1 saindo do ensino m\u00e9dio e buscando oportunidades no universo da tecnologia. \u201cN\u00f3s vamos dar suporte para que o jovem mais pobre, da periferia, possa acreditar que n\u00e3o h\u00e1 limites para os seus sonhos\u201d, afirmou. <\/p>\n<p>O Embarque Digital traz para o jovem que sai da escola p\u00fablica a oportunidade de uma forma\u00e7\u00e3o de n\u00edvel superior em tecnologia, com garantia de est\u00e1gio em empresas da \u00e1rea. O acesso \u00e9 por meio da nota do ENEM. Al\u00e9m disso, a estrutura curricular ter\u00e1 um olhar especial para as demandas da economia local. <\/p>\n<p>\u201cInova\u00e7\u00e3o \u00e9 a chave para uma transforma\u00e7\u00e3o real na nossa cidade, especialmente na educa\u00e7\u00e3o. Vamos investir do pequeno ao jovem, que busca o primeiro emprego, com o mesmo cuidado. E oferecer ao adolescente, no ensino fundamental, disciplinas que dialoguem com as novas demandas do mercado de trabalho no Brasil e no mundo\u201d, explicou Z\u00e9 Queiroz.<br \/>\nSeja seguidor do Instagram do Blog @blogdoedvaldomagalhaes<br \/>\nFoto: Tiago Calazans<\/p>\n","protected":false},"excerpt":{"rendered":"<p>O candidato Z\u00e9 Queiroz (PDT) segue propondo a\u00e7\u00f5es inovadoras para a educa\u00e7\u00e3o p\u00fablica em Caruaru. Nesta segunda (16), ele anunciou&hellip;<\/p>\n","protected":false},"author":1,"featured_media":112697,"comment_status":"closed","ping_status":"open","sticky":false,"template":"","format":"standard","meta":{"footnotes":""},"categories":[14122],"tags":[27410,2,19613,20,31666],"class_list":["post-112696","post","type-post","status-publish","format-standard","has-post-thumbnail","hentry","category-politica","tag-blog-de-caruaru","tag-blog-do-edvaldo-magalhaes","tag-eleicoes","tag-politica","tag-ze-queiroz-anuncia-programa-de-formacao-em-tecnologia-para-os-jovens"],"_links":{"self":[{"href":"https:\/\/blogdoedvaldomagalhaes.com.br\/index.php\/wp-json\/wp\/v2\/posts\/112696","targetHints":{"allow":["GET"]}}],"collection":[{"href":"https:\/\/blogdoedvaldomagalhaes.com.br\/index.php\/wp-json\/wp\/v2\/posts"}],"about":[{"href":"https:\/\/blogdoedvaldomagalhaes.com.br\/index.php\/wp-json\/wp\/v2\/types\/post"}],"author":[{"embeddable":true,"href":"https:\/\/blogdoedvaldomagalhaes.com.br\/index.php\/wp-json\/wp\/v2\/users\/1"}],"replies":[{"embeddable":true,"href":"https:\/\/blogdoedvaldomagalhaes.com.br\/index.php\/wp-json\/wp\/v2\/comments?post=112696"}],"version-history":[{"count":1,"href":"https:\/\/blogdoedvaldomagalhaes.com.br\/index.php\/wp-json\/wp\/v2\/posts\/112696\/revisions"}],"predecessor-version":[{"id":112698,"href":"https:\/\/blogdoedvaldomagalhaes.com.br\/index.php\/wp-json\/wp\/v2\/posts\/112696\/revisions\/112698"}],"wp:featuredmedia":[{"embeddable":true,"href":"https:\/\/blogdoedvaldomagalhaes.com.br\/index.php\/wp-json\/wp\/v2\/media\/112697"}],"wp:attachment":[{"href":"https:\/\/blogdoedvaldomagalhaes.com.br\/index.php\/wp-json\/wp\/v2\/media?parent=112696"}],"wp:term":[{"taxonomy":"category","embeddable":true,"href":"https:\/\/blogdoedvaldomagalhaes.com.br\/index.php\/wp-json\/wp\/v2\/categories?post=112696"},{"taxonomy":"post_tag","embeddable":true,"href":"https:\/\/blogdoedvaldomagalhaes.com.br\/index.php\/wp-json\/wp\/v2\/tags?post=112696"}],"curies":[{"name":"wp","href":"https:\/\/api.w.org\/{rel}","templated":true}]}}