{"id":112693,"date":"2024-09-17T21:41:20","date_gmt":"2024-09-18T00:41:20","guid":{"rendered":"https:\/\/blogdoedvaldomagalhaes.com.br\/?p=112693"},"modified":"2024-09-17T21:41:20","modified_gmt":"2024-09-18T00:41:20","slug":"rodrigo-pinheiro-ressalta-a-alta-geracao-de-emprego-e-renda-em-caruaru-e-anuncia-implantacao-do-polo-de-desenvolvimento-textil-do-agreste","status":"publish","type":"post","link":"https:\/\/blogdoedvaldomagalhaes.com.br\/index.php\/2024\/09\/17\/rodrigo-pinheiro-ressalta-a-alta-geracao-de-emprego-e-renda-em-caruaru-e-anuncia-implantacao-do-polo-de-desenvolvimento-textil-do-agreste\/","title":{"rendered":"Rodrigo Pinheiro ressalta a alta gera\u00e7\u00e3o de emprego e renda em Caruaru e anuncia implanta\u00e7\u00e3o do Polo de Desenvolvimento T\u00eaxtil do Agreste"},"content":{"rendered":"<p>O prefeito de Caruaru e candidato \u00e0 reelei\u00e7\u00e3o, Rodrigo Pinheiro (PSDB), e sua vice, Dayse Silva (PSDB), reuniram-se, na noite desta ter\u00e7a-feira (17), com empres\u00e1rios do setor t\u00eaxtil para discutir o futuro do desenvolvimento econ\u00f4mico e empreendedorismo no munic\u00edpio. O encontro, realizado na Casa 45, teve como foco as estrat\u00e9gias para potencializar a gera\u00e7\u00e3o de emprego e renda, assim como os investimentos realizados pela atual gest\u00e3o para fortalecer o setor.<\/p>\n<p>Durante o evento, Rodrigo destacou as a\u00e7\u00f5es do Programa Emprego, Renda e Avan\u00e7o (ERA), que tem sido fundamental para atrair grandes empresas ao munic\u00edpio e fomentar o crescimento econ\u00f4mico local. O prefeito ressaltou que o programa, baseado em incentivos fiscais, desburocratiza\u00e7\u00e3o e qualifica\u00e7\u00e3o profissional, j\u00e1 impactou positivamente a economia caruaruense, ampliando as oportunidades de formaliza\u00e7\u00e3o de empresas e criando um ambiente mais prop\u00edcio para o empreendedorismo.<\/p>\n<p>Entre as propostas para o pr\u00f3ximo mandato, Rodrigo anunciou a implanta\u00e7\u00e3o do Polo de Desenvolvimento T\u00eaxtil do Agreste, com o objetivo de fortalecer a ind\u00fastria e promover ainda mais o crescimento do setor. Ele tamb\u00e9m enfatizou a import\u00e2ncia de reativar o aut\u00f3dromo, visando impulsionar o desenvolvimento econ\u00f4mico e tur\u00edstico de Caruaru. &#8220;S\u00e3o muitos investimentos para a prioriza\u00e7\u00e3o de gera\u00e7\u00e3o de emprego e renda em Caruaru. Por isso, estamos batendo recordes&#8221;, afirmou.<\/p>\n<p>A vice Dayse Silva complementou o discurso do prefeito destacando o papel das feiras e do setor t\u00eaxtil como fundamentais para a economia de Caruaru. Segundo ela, as iniciativas da atual gest\u00e3o est\u00e3o criando oportunidades de novos neg\u00f3cios no segmento. &#8220;Estamos comprometidos em continuar fortalecendo todos os profissionais envolvidos, promovendo um ambiente econ\u00f4mico cada vez mais inclusivo&#8221;, concluiu.<br \/>\nFoto: Jorge Farias<br \/>\nSeja seguidor do Instagram do Blog @blogdoedvaldomagalhaes<\/p>\n","protected":false},"excerpt":{"rendered":"<p>O prefeito de Caruaru e candidato \u00e0 reelei\u00e7\u00e3o, Rodrigo Pinheiro (PSDB), e sua vice, Dayse Silva (PSDB), reuniram-se, na noite&hellip;<\/p>\n","protected":false},"author":1,"featured_media":112694,"comment_status":"closed","ping_status":"open","sticky":false,"template":"","format":"standard","meta":{"footnotes":""},"categories":[14122],"tags":[28803,27410,13146,28801,19613,31665],"class_list":["post-112693","post","type-post","status-publish","format-standard","has-post-thumbnail","hentry","category-politica","tag-blog-com-mais-visualizacoes","tag-blog-de-caruaru","tag-blog-edvaldo-magalhaes","tag-blog-mais-acessado","tag-eleicoes","tag-rodrigo-pinheiro-ressalta-a-alta-geracao-de-emprego-e-renda-em-caruaru-e-anuncia-implantacao-do-polo-de-desenvolvimento-textil-do-agreste"],"_links":{"self":[{"href":"https:\/\/blogdoedvaldomagalhaes.com.br\/index.php\/wp-json\/wp\/v2\/posts\/112693","targetHints":{"allow":["GET"]}}],"collection":[{"href":"https:\/\/blogdoedvaldomagalhaes.com.br\/index.php\/wp-json\/wp\/v2\/posts"}],"about":[{"href":"https:\/\/blogdoedvaldomagalhaes.com.br\/index.php\/wp-json\/wp\/v2\/types\/post"}],"author":[{"embeddable":true,"href":"https:\/\/blogdoedvaldomagalhaes.com.br\/index.php\/wp-json\/wp\/v2\/users\/1"}],"replies":[{"embeddable":true,"href":"https:\/\/blogdoedvaldomagalhaes.com.br\/index.php\/wp-json\/wp\/v2\/comments?post=112693"}],"version-history":[{"count":1,"href":"https:\/\/blogdoedvaldomagalhaes.com.br\/index.php\/wp-json\/wp\/v2\/posts\/112693\/revisions"}],"predecessor-version":[{"id":112695,"href":"https:\/\/blogdoedvaldomagalhaes.com.br\/index.php\/wp-json\/wp\/v2\/posts\/112693\/revisions\/112695"}],"wp:featuredmedia":[{"embeddable":true,"href":"https:\/\/blogdoedvaldomagalhaes.com.br\/index.php\/wp-json\/wp\/v2\/media\/112694"}],"wp:attachment":[{"href":"https:\/\/blogdoedvaldomagalhaes.com.br\/index.php\/wp-json\/wp\/v2\/media?parent=112693"}],"wp:term":[{"taxonomy":"category","embeddable":true,"href":"https:\/\/blogdoedvaldomagalhaes.com.br\/index.php\/wp-json\/wp\/v2\/categories?post=112693"},{"taxonomy":"post_tag","embeddable":true,"href":"https:\/\/blogdoedvaldomagalhaes.com.br\/index.php\/wp-json\/wp\/v2\/tags?post=112693"}],"curies":[{"name":"wp","href":"https:\/\/api.w.org\/{rel}","templated":true}]}}