{"id":112689,"date":"2024-09-17T20:23:02","date_gmt":"2024-09-17T23:23:02","guid":{"rendered":"https:\/\/blogdoedvaldomagalhaes.com.br\/?p=112689"},"modified":"2024-09-17T21:10:05","modified_gmt":"2024-09-18T00:10:05","slug":"jovem-gaucha-e-assassinada-em-caruaru-e-corpo-e-encontrado-despido","status":"publish","type":"post","link":"https:\/\/blogdoedvaldomagalhaes.com.br\/index.php\/2024\/09\/17\/jovem-gaucha-e-assassinada-em-caruaru-e-corpo-e-encontrado-despido\/","title":{"rendered":"Jovem ga\u00facha \u00e9 assassinada em Caruaru, e corpo \u00e9 encontrado despido"},"content":{"rendered":"<p>Ume mulher foi assassinada no in\u00edcio da noite desta ter\u00e7a-feira (17), em Caruaru, Agreste pernambucano. O crime aconteceu na 3\u00aa Travessa Saldanha da Gama, no centro da cidade.<\/p>\n<p>A v\u00edtima Eduarda Ribeiro Piti, 19 anos, foi encontrada dentro de casa com uma perfura\u00e7\u00e3o na cabe\u00e7a e despida. A mulher era beneficiada pelo Albergue Municipal, localizado na rua Saldanha da Gama.<\/p>\n<p>Bombeiros civis e guardas municipais fizeram o isolamento do local at\u00e9 a chegada da Pol\u00edcia Militar e Instituto Criminal\u00edstica.<\/p>\n<p>Este \u00e9 o 6\u00ba homic\u00eddio do m\u00eas de setembro em Caruaru. No ano, de janeiro at\u00e9 agora, mataram 89 pessoas no munic\u00edpio.<br \/>\nFoto: Adielson Galv\u00e3o\/Cortesia<br \/>\nSeja seguidor do Instagram do Blog @blogdoedvaldomagalhaes<\/p>\n","protected":false},"excerpt":{"rendered":"<p>Ume mulher foi assassinada no in\u00edcio da noite desta ter\u00e7a-feira (17), em Caruaru, Agreste pernambucano. O crime aconteceu na 3\u00aa&hellip;<\/p>\n","protected":false},"author":1,"featured_media":112690,"comment_status":"closed","ping_status":"open","sticky":false,"template":"","format":"standard","meta":{"footnotes":""},"categories":[14121],"tags":[28803,27410,13146,28801,27082,5448,31664],"class_list":["post-112689","post","type-post","status-publish","format-standard","has-post-thumbnail","hentry","category-policial","tag-blog-com-mais-visualizacoes","tag-blog-de-caruaru","tag-blog-edvaldo-magalhaes","tag-blog-mais-acessado","tag-feminicidio","tag-homicidio","tag-jovem-gaucha-e-assassinada-em-caruaru-e-corpo-e-encontrado-despido"],"_links":{"self":[{"href":"https:\/\/blogdoedvaldomagalhaes.com.br\/index.php\/wp-json\/wp\/v2\/posts\/112689","targetHints":{"allow":["GET"]}}],"collection":[{"href":"https:\/\/blogdoedvaldomagalhaes.com.br\/index.php\/wp-json\/wp\/v2\/posts"}],"about":[{"href":"https:\/\/blogdoedvaldomagalhaes.com.br\/index.php\/wp-json\/wp\/v2\/types\/post"}],"author":[{"embeddable":true,"href":"https:\/\/blogdoedvaldomagalhaes.com.br\/index.php\/wp-json\/wp\/v2\/users\/1"}],"replies":[{"embeddable":true,"href":"https:\/\/blogdoedvaldomagalhaes.com.br\/index.php\/wp-json\/wp\/v2\/comments?post=112689"}],"version-history":[{"count":2,"href":"https:\/\/blogdoedvaldomagalhaes.com.br\/index.php\/wp-json\/wp\/v2\/posts\/112689\/revisions"}],"predecessor-version":[{"id":112692,"href":"https:\/\/blogdoedvaldomagalhaes.com.br\/index.php\/wp-json\/wp\/v2\/posts\/112689\/revisions\/112692"}],"wp:featuredmedia":[{"embeddable":true,"href":"https:\/\/blogdoedvaldomagalhaes.com.br\/index.php\/wp-json\/wp\/v2\/media\/112690"}],"wp:attachment":[{"href":"https:\/\/blogdoedvaldomagalhaes.com.br\/index.php\/wp-json\/wp\/v2\/media?parent=112689"}],"wp:term":[{"taxonomy":"category","embeddable":true,"href":"https:\/\/blogdoedvaldomagalhaes.com.br\/index.php\/wp-json\/wp\/v2\/categories?post=112689"},{"taxonomy":"post_tag","embeddable":true,"href":"https:\/\/blogdoedvaldomagalhaes.com.br\/index.php\/wp-json\/wp\/v2\/tags?post=112689"}],"curies":[{"name":"wp","href":"https:\/\/api.w.org\/{rel}","templated":true}]}}