{"id":112686,"date":"2024-09-17T19:26:31","date_gmt":"2024-09-17T22:26:31","guid":{"rendered":"https:\/\/blogdoedvaldomagalhaes.com.br\/?p=112686"},"modified":"2024-09-17T19:26:31","modified_gmt":"2024-09-17T22:26:31","slug":"tunel-na-br-232-tera-faixa-interditada-para-substituicao-de-lampadas-antigas-por-led-a-partir-desta-quarta-feira","status":"publish","type":"post","link":"https:\/\/blogdoedvaldomagalhaes.com.br\/index.php\/2024\/09\/17\/tunel-na-br-232-tera-faixa-interditada-para-substituicao-de-lampadas-antigas-por-led-a-partir-desta-quarta-feira\/","title":{"rendered":"T\u00fanel na BR-232 ter\u00e1 faixa interditada para substitui\u00e7\u00e3o de l\u00e2mpadas antigas por LED, a partir desta quarta-feira"},"content":{"rendered":"<p>Os motoristas que passam diariamente pelo t\u00fanel Pl\u00ednio Pacheco, localizado na BR-232, no munic\u00edpio de Gravat\u00e1, Agreste pernambucano, devem ficar ainda mais atentos, a partir desta quarta-feira (18). \u00c9 que a Neoenergia Pernambuco vai promover a substitui\u00e7\u00e3o da atual ilumina\u00e7\u00e3o por l\u00e2mpadas novas, na tecnologia LED.<\/p>\n<p>O servi\u00e7o ser\u00e1 realizado em parceria com o Departamento de Estradas e Rodagens (DER) e Pol\u00edcia Rodovi\u00e1ria Federal (PRF). Uma das faixas da rodovia ser\u00e1 fechada por cerca de duas semanas.<\/p>\n<p>A iniciativa faz parte do Programa de Efici\u00eancia Energ\u00e9tica da Neoenergia Pernambuco, regulado pela Ag\u00eancia Nacional de Energia El\u00e9trica (Aneel). O trabalho de substitui\u00e7\u00e3o das l\u00e2mpadas ser\u00e1 realizado das 9h \u00e0s 16h e das 22h \u00e0s 5h. Nesses intervalos de tempo, uma faixa da via ser\u00e1 interditada para que o caminh\u00e3o da distribuidora possa realizar o servi\u00e7o com seguran\u00e7a.<\/p>\n<p>Para evitar acidentes, a Neoenergia, o DER e a PRF far\u00e3o uma sinaliza\u00e7\u00e3o especial da via, antes mesmo da entrada no t\u00fanel. A previs\u00e3o \u00e9 que todas as trocas sejam conclu\u00eddas dentro de um per\u00edodo de 15 dias.<br \/>\nFoto: Divulga\u00e7\u00e3o\/Neoenergia<br \/>\nSeja seguidor do Instagram do Blog @blogdoedvaldomagalhaes<\/p>\n","protected":false},"excerpt":{"rendered":"<p>Os motoristas que passam diariamente pelo t\u00fanel Pl\u00ednio Pacheco, localizado na BR-232, no munic\u00edpio de Gravat\u00e1, Agreste pernambucano, devem ficar&hellip;<\/p>\n","protected":false},"author":1,"featured_media":112687,"comment_status":"closed","ping_status":"open","sticky":false,"template":"","format":"standard","meta":{"footnotes":""},"categories":[14120],"tags":[28803,27410,13146,28801,30812,31663],"class_list":["post-112686","post","type-post","status-publish","format-standard","has-post-thumbnail","hentry","category-noticias","tag-blog-com-mais-visualizacoes","tag-blog-de-caruaru","tag-blog-edvaldo-magalhaes","tag-blog-mais-acessado","tag-neoenergia","tag-tunel-na-br-232-tera-faixa-interditada-para-substituicao-de-lampadas-antigas-por-led"],"_links":{"self":[{"href":"https:\/\/blogdoedvaldomagalhaes.com.br\/index.php\/wp-json\/wp\/v2\/posts\/112686","targetHints":{"allow":["GET"]}}],"collection":[{"href":"https:\/\/blogdoedvaldomagalhaes.com.br\/index.php\/wp-json\/wp\/v2\/posts"}],"about":[{"href":"https:\/\/blogdoedvaldomagalhaes.com.br\/index.php\/wp-json\/wp\/v2\/types\/post"}],"author":[{"embeddable":true,"href":"https:\/\/blogdoedvaldomagalhaes.com.br\/index.php\/wp-json\/wp\/v2\/users\/1"}],"replies":[{"embeddable":true,"href":"https:\/\/blogdoedvaldomagalhaes.com.br\/index.php\/wp-json\/wp\/v2\/comments?post=112686"}],"version-history":[{"count":1,"href":"https:\/\/blogdoedvaldomagalhaes.com.br\/index.php\/wp-json\/wp\/v2\/posts\/112686\/revisions"}],"predecessor-version":[{"id":112688,"href":"https:\/\/blogdoedvaldomagalhaes.com.br\/index.php\/wp-json\/wp\/v2\/posts\/112686\/revisions\/112688"}],"wp:featuredmedia":[{"embeddable":true,"href":"https:\/\/blogdoedvaldomagalhaes.com.br\/index.php\/wp-json\/wp\/v2\/media\/112687"}],"wp:attachment":[{"href":"https:\/\/blogdoedvaldomagalhaes.com.br\/index.php\/wp-json\/wp\/v2\/media?parent=112686"}],"wp:term":[{"taxonomy":"category","embeddable":true,"href":"https:\/\/blogdoedvaldomagalhaes.com.br\/index.php\/wp-json\/wp\/v2\/categories?post=112686"},{"taxonomy":"post_tag","embeddable":true,"href":"https:\/\/blogdoedvaldomagalhaes.com.br\/index.php\/wp-json\/wp\/v2\/tags?post=112686"}],"curies":[{"name":"wp","href":"https:\/\/api.w.org\/{rel}","templated":true}]}}