{"id":1123,"date":"2018-10-03T10:39:00","date_gmt":"2018-10-03T13:39:00","guid":{"rendered":"http:\/\/blogdoedvaldomagalhaes.com.br\/index.php\/2018\/10\/03\/prefeitura-de-caruaru-conclui-curso-do\/"},"modified":"2019-02-09T02:33:38","modified_gmt":"2019-02-09T04:33:38","slug":"prefeitura-de-caruaru-conclui-curso-do","status":"publish","type":"post","link":"https:\/\/blogdoedvaldomagalhaes.com.br\/index.php\/2018\/10\/03\/prefeitura-de-caruaru-conclui-curso-do\/","title":{"rendered":"Prefeitura de Caruaru conclui curso do Qualifica com entrega de kits"},"content":{"rendered":"<div class=\"separator\" style=\"clear: both; text-align: center;\">\n<a href=\"https:\/\/1.bp.blogspot.com\/-5guq3LD_Iq8\/W7Sb2A7HHBI\/AAAAAAAA7HQ\/3HRhASCT7dgCbyAqHTlnRBO4Il_ihpunQCLcBGAs\/s1600\/1.jpg\" imageanchor=\"1\" style=\"margin-left: 1em; margin-right: 1em;\"><img loading=\"lazy\" decoding=\"async\" border=\"0\" data-original-height=\"1049\" data-original-width=\"1600\" height=\"414\" src=\"http:\/\/blogdoedvaldomagalhaes.com.br\/wp-content\/uploads\/2018\/10\/1-3.jpg\" width=\"640\" \/><\/a><\/div>\n<div class=\"MsoNormal\" style=\"line-height: 14.65pt; margin: 0cm 14.1pt 0.0001pt 0cm; text-align: center;\">\nCr\u00e9ditos das fotos: Arnaldo Felix<\/div>\n<div class=\"separator\" style=\"clear: both; text-align: center;\">\n<\/div>\n<div style=\"text-align: center;\">\n<\/div>\n<div style=\"text-align: justify;\">\nNesta ter\u00e7a-feira (02), o Qualifica Caruaru concluiu o segundo curso promovido pelo programa no munic\u00edpio: manicure e pedicure. As nove alunas que se capacitaram no m\u00f3dulo por completo receberam certificado e kit com o material necess\u00e1rio para come\u00e7ar a trabalhar, composto por tesoura, alicate, afastador de cut\u00edcula, esmaltes, acetona, \u00f3leo de banana, bolsa descart\u00e1vel para p\u00e9 e m\u00e3o, e algod\u00e3o. O encontro aconteceu no Centro de Qualifica\u00e7\u00e3o Profissional do Rorain\u00f3polis (CQP), no munic\u00edpio, e contou com a presen\u00e7a da secret\u00e1ria de Desenvolvimento Social e Direitos Humanos, Perp\u00e9tua Dantas. O primeiro curso conclu\u00eddo pelo programa foi o de Mundo do Trabalho, na \u00faltima ter\u00e7a-feira, dia 25 de setembro.<\/div>\n<div style=\"text-align: justify;\">\n<\/div>\n<div class=\"separator\" style=\"clear: both; text-align: center;\">\n<a href=\"https:\/\/2.bp.blogspot.com\/-0KRxR5UtQiM\/W7ScDopaY3I\/AAAAAAAA7HU\/yfxOAiA2AvUw4818xH0A74IUVZ3QmJk3wCLcBGAs\/s1600\/2.jpg\" imageanchor=\"1\" style=\"margin-left: 1em; margin-right: 1em;\"><img loading=\"lazy\" decoding=\"async\" border=\"0\" data-original-height=\"1050\" data-original-width=\"1600\" height=\"414\" src=\"http:\/\/blogdoedvaldomagalhaes.com.br\/wp-content\/uploads\/2018\/10\/2-3.jpg\" width=\"640\" \/><\/a><\/div>\n<div style=\"text-align: justify;\">\n<\/div>\n<div style=\"text-align: justify;\">\nO curso de manicure e pedicure teve dura\u00e7\u00e3o de aproximadamente dois meses, e as aulas aconteceram no CQP do Rosan\u00f3polis, de 28 de agosto \u00e0 dois de outubro, de ter\u00e7a \u00e0 sexta, totalizando 60 horas. \u201c\u00c9 uma grande oportunidade para essas mulheres, pois sabemos que o mercado de trabalho \u00e9 seletivo e exigente, e os cursos do Qualifica t\u00eam justamente essa proposta de preparar os alunos com qualidade para que esses profissionais possam ser empregados ou trabalhar de forma liberal\u201d, destacou Perp\u00e9tua. \u201cPara mim, que j\u00e1 trabalho por conta pr\u00f3pria, foi a oportunidade de me profissionalizar, o que vai me ajudar bastante a conseguir um emprego\u201d, citou a concluinte Patr\u00edcia Maria da Silva, do bairro Santa Rosa.<\/div>\n<div style=\"text-align: justify;\">\n<\/div>\n<div class=\"separator\" style=\"clear: both; text-align: center;\">\n<a href=\"https:\/\/2.bp.blogspot.com\/-AEnSfIbxfIk\/W7ScJg5aKPI\/AAAAAAAA7Hc\/2OSdS2cmSq0e2U3f22nhl7i9dyMldHJ6gCLcBGAs\/s1600\/3.jpg\" imageanchor=\"1\" style=\"margin-left: 1em; margin-right: 1em;\"><img loading=\"lazy\" decoding=\"async\" border=\"0\" data-original-height=\"1062\" data-original-width=\"1600\" height=\"424\" src=\"http:\/\/blogdoedvaldomagalhaes.com.br\/wp-content\/uploads\/2018\/10\/3-1.jpg\" width=\"640\" \/><\/a><\/div>\n<div style=\"text-align: justify;\">\n<\/div>\n<div style=\"text-align: justify;\">\nEm breve ser\u00e3o lan\u00e7adas novas oportunidades no site do programa, onde o candidato poder\u00e1 se inscrever atrav\u00e9s do endere\u00e7o eletr\u00f4nico http:\/\/qualifica.caruaru.pe.gov.br\/ e obter mais informa\u00e7\u00f5es atrav\u00e9s do 0800-281-3344. O Programa Qualifica Caruaru foi lan\u00e7ado no dia 15 de agosto deste ano com a proposta de oferecer oficinas profissionalizantes para promover novos conhecimentos e favorecer o ingresso, manuten\u00e7\u00e3o ou reingresso dos candidatos ao mercado de trabalho local, ampliando o potencial de empregabilidade dos profissionais. \u00c9 uma iniciativa da Prefeitura de Caruaru que envolve as secretarias de Desenvolvimento Econ\u00f4mico \/ Economia Criativa, Pol\u00edticas para Mulheres, Desenvolvimento Social e Direitos Humanos, Sustentabilidade e Desenvolvimento Rural, e Educa\u00e7\u00e3o.&nbsp;<\/div>\n<div style=\"text-align: justify;\">\n<\/div>\n<div class=\"separator\" style=\"clear: both; text-align: center;\">\n<a href=\"https:\/\/3.bp.blogspot.com\/-UREuXzBo9wA\/W7ScP90fFyI\/AAAAAAAA7Hg\/xbq3gu6OmO83_xNnrMcYr2tcwAyD9zupgCLcBGAs\/s1600\/4.jpg\" imageanchor=\"1\" style=\"margin-left: 1em; margin-right: 1em;\"><img loading=\"lazy\" decoding=\"async\" border=\"0\" data-original-height=\"1039\" data-original-width=\"1600\" height=\"410\" src=\"http:\/\/blogdoedvaldomagalhaes.com.br\/wp-content\/uploads\/2018\/10\/4-3.jpg\" width=\"640\" \/><\/a><\/div>\n<div style=\"text-align: justify;\">\n<\/div>\n","protected":false},"excerpt":{"rendered":"<p>Cr\u00e9ditos das fotos: Arnaldo Felix Nesta ter\u00e7a-feira (02), o Qualifica Caruaru concluiu o segundo curso promovido pelo programa no munic\u00edpio:&hellip;<\/p>\n","protected":false},"author":1,"featured_media":0,"comment_status":"open","ping_status":"open","sticky":false,"template":"","format":"standard","meta":{"footnotes":""},"categories":[1],"tags":[2,20,1077],"class_list":["post-1123","post","type-post","status-publish","format-standard","hentry","category-sem-categoria","tag-blog-do-edvaldo-magalhaes","tag-politica","tag-prefeitura-de-caruaru-conclui-curso-do-qualifica-com-entrega-de-kits"],"_links":{"self":[{"href":"https:\/\/blogdoedvaldomagalhaes.com.br\/index.php\/wp-json\/wp\/v2\/posts\/1123","targetHints":{"allow":["GET"]}}],"collection":[{"href":"https:\/\/blogdoedvaldomagalhaes.com.br\/index.php\/wp-json\/wp\/v2\/posts"}],"about":[{"href":"https:\/\/blogdoedvaldomagalhaes.com.br\/index.php\/wp-json\/wp\/v2\/types\/post"}],"author":[{"embeddable":true,"href":"https:\/\/blogdoedvaldomagalhaes.com.br\/index.php\/wp-json\/wp\/v2\/users\/1"}],"replies":[{"embeddable":true,"href":"https:\/\/blogdoedvaldomagalhaes.com.br\/index.php\/wp-json\/wp\/v2\/comments?post=1123"}],"version-history":[{"count":1,"href":"https:\/\/blogdoedvaldomagalhaes.com.br\/index.php\/wp-json\/wp\/v2\/posts\/1123\/revisions"}],"predecessor-version":[{"id":34603,"href":"https:\/\/blogdoedvaldomagalhaes.com.br\/index.php\/wp-json\/wp\/v2\/posts\/1123\/revisions\/34603"}],"wp:attachment":[{"href":"https:\/\/blogdoedvaldomagalhaes.com.br\/index.php\/wp-json\/wp\/v2\/media?parent=1123"}],"wp:term":[{"taxonomy":"category","embeddable":true,"href":"https:\/\/blogdoedvaldomagalhaes.com.br\/index.php\/wp-json\/wp\/v2\/categories?post=1123"},{"taxonomy":"post_tag","embeddable":true,"href":"https:\/\/blogdoedvaldomagalhaes.com.br\/index.php\/wp-json\/wp\/v2\/tags?post=1123"}],"curies":[{"name":"wp","href":"https:\/\/api.w.org\/{rel}","templated":true}]}}