{"id":1121,"date":"2018-10-03T21:24:00","date_gmt":"2018-10-04T00:24:00","guid":{"rendered":"http:\/\/blogdoedvaldomagalhaes.com.br\/index.php\/2018\/10\/03\/prefeita-raquel-lyra-sanciona-leis-que\/"},"modified":"2019-02-09T02:33:38","modified_gmt":"2019-02-09T04:33:38","slug":"prefeita-raquel-lyra-sanciona-leis-que","status":"publish","type":"post","link":"https:\/\/blogdoedvaldomagalhaes.com.br\/index.php\/2018\/10\/03\/prefeita-raquel-lyra-sanciona-leis-que\/","title":{"rendered":"Prefeita Raquel Lyra sanciona leis que beneficiam as mulheres de Caruaru"},"content":{"rendered":"<div class=\"separator\" style=\"clear: both; text-align: center;\">\n<a href=\"https:\/\/1.bp.blogspot.com\/-MIwjD8OH4Wk\/W7Uy6sJsmbI\/AAAAAAAA7Is\/8wJf32sX71o9YCzyvjVVTor1XdwQySeqACLcBGAs\/s1600\/IMG-20181003-WA0078.jpg\" imageanchor=\"1\" style=\"margin-left: 1em; margin-right: 1em;\"><img loading=\"lazy\" decoding=\"async\" border=\"0\" data-original-height=\"851\" data-original-width=\"1280\" height=\"424\" src=\"http:\/\/blogdoedvaldomagalhaes.com.br\/wp-content\/uploads\/2018\/10\/IMG-20181003-WA0078.jpg\" width=\"640\" \/><\/a><\/div>\n<div style=\"text-align: justify;\">\nFoi diante de muita emo\u00e7\u00e3o e celebra\u00e7\u00e3o que a prefeita de Caruaru, Raquel Lyra, sancionou, nesta quarta-feira (03), duas leis voltadas para as mulheres do munic\u00edpio. O ato aconteceu no audit\u00f3rio da Secretaria de Pol\u00edticas para Mulheres (SPM) e reuniu militantes de movimentos sociais, estudantes, representantes de n\u00facleos de estudos de g\u00eanero, usu\u00e1rias dos servi\u00e7os da secretaria e do Centro de Refer\u00eancia da Mulher Maria Bonita.<\/div>\n<div style=\"text-align: justify;\">\n<\/div>\n<div style=\"text-align: justify;\">\nUma das proposituras estabelece pol\u00edticas p\u00fablicas de enfrentamento \u00e0 viol\u00eancia contra a mulher em situa\u00e7\u00e3o de vulnerabilidade social, que ap\u00f3s aprova\u00e7\u00e3o, se transformou na Lei 7.829 \/ 2018. O documento traz, entre os seus artigos, a obriga\u00e7\u00e3o de assegurar vagas em creches e escolas para os filhos das v\u00edtimas da viol\u00eancia familiar pr\u00f3ximas \u00e0 resid\u00eancia da m\u00e3e solicitante, ou mesmo a transfer\u00eancia da crian\u00e7a de endere\u00e7o para assegurar a seguran\u00e7a da fam\u00edlia. A outra propositura alterou a Lei Municipal n\u00ba 4.928, de 05 de abril de 2010 e foi aprovada como Lei sob o n\u00famero 7.830 \/ 2018, onde se prev\u00ea a reestrutura\u00e7\u00e3o do Conselho Municipal da Mulher.<\/div>\n<div style=\"text-align: justify;\">\n<\/div>\n<div style=\"text-align: justify;\">\nAs duas leis foram aprovadas, por unanimidade, em duas se\u00e7\u00f5es plen\u00e1rias na C\u00e2mara Municipal de Vereadores, com a \u00faltima discuss\u00e3o realizada no dia 13 de setembro deste ano. \u201c\u00c9 mais um passo na afirma\u00e7\u00e3o de pol\u00edticas p\u00fablicas para as mulheres do nosso munic\u00edpio, resultado de um trabalho que j\u00e1 vinha sendo feito de forma articulada, dialogada com a sociedade civil organizada, com os v\u00e1rios segmentos de mulheres, e que agora se transforma em realidade. Com muita alegria damos agora esse passo a mais, no sentido de fortalecer a vida de n\u00f3s, mulheres de Caruaru\u201d, destacou Raquel.<\/div>\n<div style=\"text-align: justify;\">\n<\/div>\n<div style=\"text-align: justify;\">\nPara a secret\u00e1ria da SPM, Juliana Gouveia, a efetividade das pol\u00edticas para as mulheres de Caruaru ser\u00e1 a contribui\u00e7\u00e3o que as leis ir\u00e3o deixar para o munic\u00edpio. \u201c\u00c9 um marco no direito das mulheres de Caruaru, que conseguiram conquistar esse espa\u00e7o. De hoje por diante, muitos projetos ser\u00e3o feitos, muitos programas executados. Daqui para frente \u00e9 s\u00f3 vit\u00f3ria, e lutar, para cada vez mais, construir pol\u00edticas p\u00fablicas realmente efetivas e que transformem a vida das nossas mulheres\u201d, ressaltou Juliana.<\/div>\n<div style=\"text-align: justify;\">\n<\/div>\n<div style=\"text-align: justify;\">\nO momento foi de muita como\u00e7\u00e3o e festa, pontuado com interven\u00e7\u00f5es culturais da secretaria, que desenvolve, al\u00e9m do trabalho pontual, atividades l\u00fadicas e educativas para divulgar as a\u00e7\u00f5es realizadas. Uma delas, diz respeito ao Coral Cantando a Vida, da SPM, que, regido pela maestrina Perp\u00e9tua Dantas, secret\u00e1ria de Desenvolvimento Social e Direitos Humanos de Caruaru, apresentou um repert\u00f3rio de sucessos do cantor Roberto Carlos. A diretora da Oficina Terap\u00eautica de Teatro para Mulher \u2013 OTTM (tamb\u00e9m da SPM), Paula Monteiro, apresentou uma esquete e declamou um poema de cordel, de autoria pr\u00f3pria, em que faz a apresenta\u00e7\u00e3o da equipe e dos servi\u00e7os oferecidos pela secretaria.<\/div>\n","protected":false},"excerpt":{"rendered":"<p>Foi diante de muita emo\u00e7\u00e3o e celebra\u00e7\u00e3o que a prefeita de Caruaru, Raquel Lyra, sancionou, nesta quarta-feira (03), duas leis&hellip;<\/p>\n","protected":false},"author":1,"featured_media":0,"comment_status":"open","ping_status":"open","sticky":false,"template":"","format":"standard","meta":{"footnotes":""},"categories":[1],"tags":[2,20,1075],"class_list":["post-1121","post","type-post","status-publish","format-standard","hentry","category-sem-categoria","tag-blog-do-edvaldo-magalhaes","tag-politica","tag-prefeita-raquel-lyra-sanciona-leis-que-beneficiam-as-mulheres-de-caruaru"],"_links":{"self":[{"href":"https:\/\/blogdoedvaldomagalhaes.com.br\/index.php\/wp-json\/wp\/v2\/posts\/1121","targetHints":{"allow":["GET"]}}],"collection":[{"href":"https:\/\/blogdoedvaldomagalhaes.com.br\/index.php\/wp-json\/wp\/v2\/posts"}],"about":[{"href":"https:\/\/blogdoedvaldomagalhaes.com.br\/index.php\/wp-json\/wp\/v2\/types\/post"}],"author":[{"embeddable":true,"href":"https:\/\/blogdoedvaldomagalhaes.com.br\/index.php\/wp-json\/wp\/v2\/users\/1"}],"replies":[{"embeddable":true,"href":"https:\/\/blogdoedvaldomagalhaes.com.br\/index.php\/wp-json\/wp\/v2\/comments?post=1121"}],"version-history":[{"count":1,"href":"https:\/\/blogdoedvaldomagalhaes.com.br\/index.php\/wp-json\/wp\/v2\/posts\/1121\/revisions"}],"predecessor-version":[{"id":34607,"href":"https:\/\/blogdoedvaldomagalhaes.com.br\/index.php\/wp-json\/wp\/v2\/posts\/1121\/revisions\/34607"}],"wp:attachment":[{"href":"https:\/\/blogdoedvaldomagalhaes.com.br\/index.php\/wp-json\/wp\/v2\/media?parent=1121"}],"wp:term":[{"taxonomy":"category","embeddable":true,"href":"https:\/\/blogdoedvaldomagalhaes.com.br\/index.php\/wp-json\/wp\/v2\/categories?post=1121"},{"taxonomy":"post_tag","embeddable":true,"href":"https:\/\/blogdoedvaldomagalhaes.com.br\/index.php\/wp-json\/wp\/v2\/tags?post=1121"}],"curies":[{"name":"wp","href":"https:\/\/api.w.org\/{rel}","templated":true}]}}