{"id":1120,"date":"2018-10-03T21:30:00","date_gmt":"2018-10-04T00:30:00","guid":{"rendered":"http:\/\/blogdoedvaldomagalhaes.com.br\/index.php\/2018\/10\/03\/socioeducandos-do-case-caruaru-sao\/"},"modified":"2019-02-09T02:33:39","modified_gmt":"2019-02-09T04:33:39","slug":"socioeducandos-do-case-caruaru-sao","status":"publish","type":"post","link":"https:\/\/blogdoedvaldomagalhaes.com.br\/index.php\/2018\/10\/03\/socioeducandos-do-case-caruaru-sao\/","title":{"rendered":"Socioeducandos do Case Caruaru s\u00e3o inseridos em curso ofertado pelo IFPE"},"content":{"rendered":"<div class=\"separator\" style=\"clear: both; text-align: center;\">\n<a href=\"http:\/\/blogdoedvaldomagalhaes.com.br\/wp-content\/uploads\/2018\/10\/IMG-20181003-WA0037.jpg\" imageanchor=\"1\" style=\"margin-left: 1em; margin-right: 1em;\"><img decoding=\"async\" border=\"0\" data-original-height=\"510\" data-original-width=\"768\" src=\"http:\/\/blogdoedvaldomagalhaes.com.br\/wp-content\/uploads\/2018\/10\/IMG-20181003-WA0037.jpg\" \/><\/a><\/div>\n<div style=\"text-align: justify;\">\nMais uma parceria de bons resultados. \u00c9 assim que o Centro de Atendimento Socioeducativo (Case) Caruaru, uma das unidades da Funda\u00e7\u00e3o de Atendimento Socioeducativo (Funase), comemora a inser\u00e7\u00e3o de cinco adolescentes no curso de Pedreiro de Alvenaria, ofertado pelo Instituto Federal de Pernambuco (IFPE). A forma\u00e7\u00e3o qualificar\u00e1 os alunos com aulas pr\u00e1ticas e te\u00f3ricas com o objetivo de desenvolver os conhecimentos necess\u00e1rios para adequar a alvenaria, os tipos de amarra\u00e7\u00e3o, prumo, n\u00edvel, esquadrejamento de terrenos, seguran\u00e7a, qualidade e economia, seguindo as especifica\u00e7\u00f5es, normas e prazos estabelecidos em projeto.<\/div>\n<div style=\"text-align: justify;\">\n<\/div>\n<div style=\"text-align: justify;\">\nAs aulas acontecer\u00e3o nas segundas e sextas-feiras, com uma carga hor\u00e1ria de 60 horas\/aula. A ideia \u00e9 que os adolescentes deixem seu legado no IFPE, pois v\u00e3o construir a \u00e1rea de treinamento para o curso de Seguran\u00e7a do Trabalho, al\u00e9m de sa\u00edrem da institui\u00e7\u00e3o com certificados e aptos a ingressarem no mercado de trabalho. O curso foi formatado para atender a essa turma. \u201cJ\u00e1 trabalhei como ajudante de pedreiro e, agora, vou me qualificar. Quando sair da unidade, pretendo seguir a profiss\u00e3o\u201d, disse o socioeducando I.C.&nbsp;<\/div>\n<div style=\"text-align: justify;\">\n<\/div>\n<div style=\"text-align: justify;\">\nPara a diretora do IFPE Caruaru, Elaine Rocha, a parceria \u00e9 importante por ampliar os horizontes dos adolescentes, ofertando-lhes novas oportunidades. \u201cAcreditamos na ressocializa\u00e7\u00e3o e na possibilidade que esses jovens t\u00eam para a sociedade. Ao mesmo tempo, percebo que precisamos avan\u00e7ar mais nas parcerias para darmos melhores condi\u00e7\u00f5es de inser\u00e7\u00e3o deles no mercado de trabalho\u201d, afirmou a gestora durante a aula inaugural, no campus. Ainda participaram do momento Andrezza Moura, representando a Divis\u00e3o de Extens\u00e3o do IFPE Caruaru, o coordenador geral do Case Caruaru, Paulo Pinto, e a coordenadora t\u00e9cnica, Thaysa Vila Nova.<\/div>\n<div style=\"text-align: justify;\">\n<\/div>\n<div style=\"text-align: justify;\">\nSegundo o coordenador de Profissionaliza\u00e7\u00e3o, Esporte, Cultura e Lazer da Funase, Normando Albuquerque, as unidades de Garanhuns e Vit\u00f3ria de Santo Ant\u00e3o j\u00e1 s\u00e3o beneficiadas com essa parceria, e a Funase est\u00e1 cumprindo uma de suas miss\u00f5es, que \u00e9 a educa\u00e7\u00e3o. \u201cEsperamos que nossos jovens aproveitem ao m\u00e1ximo o curso, consigam projetar um futuro diferente e rompam barreiras. O fato de um deles chegar para mim, no fim do curso, e dizer que deseja ser aluno regular do IFPE, como aconteceu na turma anterior, \u00e9 a maior vit\u00f3ria que a gente pode alcan\u00e7ar. Vemos que estamos no caminho certo\u201d, comemorou.<\/div>\n","protected":false},"excerpt":{"rendered":"<p>Mais uma parceria de bons resultados. \u00c9 assim que o Centro de Atendimento Socioeducativo (Case) Caruaru, uma das unidades da&hellip;<\/p>\n","protected":false},"author":1,"featured_media":0,"comment_status":"open","ping_status":"open","sticky":false,"template":"","format":"standard","meta":{"footnotes":""},"categories":[1],"tags":[2,6,1074],"class_list":["post-1120","post","type-post","status-publish","format-standard","hentry","category-sem-categoria","tag-blog-do-edvaldo-magalhaes","tag-noticias","tag-socioeducandos-do-case-caruaru-sao-inseridos-em-curso-ofertado-pelo-ifpe"],"_links":{"self":[{"href":"https:\/\/blogdoedvaldomagalhaes.com.br\/index.php\/wp-json\/wp\/v2\/posts\/1120","targetHints":{"allow":["GET"]}}],"collection":[{"href":"https:\/\/blogdoedvaldomagalhaes.com.br\/index.php\/wp-json\/wp\/v2\/posts"}],"about":[{"href":"https:\/\/blogdoedvaldomagalhaes.com.br\/index.php\/wp-json\/wp\/v2\/types\/post"}],"author":[{"embeddable":true,"href":"https:\/\/blogdoedvaldomagalhaes.com.br\/index.php\/wp-json\/wp\/v2\/users\/1"}],"replies":[{"embeddable":true,"href":"https:\/\/blogdoedvaldomagalhaes.com.br\/index.php\/wp-json\/wp\/v2\/comments?post=1120"}],"version-history":[{"count":1,"href":"https:\/\/blogdoedvaldomagalhaes.com.br\/index.php\/wp-json\/wp\/v2\/posts\/1120\/revisions"}],"predecessor-version":[{"id":34609,"href":"https:\/\/blogdoedvaldomagalhaes.com.br\/index.php\/wp-json\/wp\/v2\/posts\/1120\/revisions\/34609"}],"wp:attachment":[{"href":"https:\/\/blogdoedvaldomagalhaes.com.br\/index.php\/wp-json\/wp\/v2\/media?parent=1120"}],"wp:term":[{"taxonomy":"category","embeddable":true,"href":"https:\/\/blogdoedvaldomagalhaes.com.br\/index.php\/wp-json\/wp\/v2\/categories?post=1120"},{"taxonomy":"post_tag","embeddable":true,"href":"https:\/\/blogdoedvaldomagalhaes.com.br\/index.php\/wp-json\/wp\/v2\/tags?post=1120"}],"curies":[{"name":"wp","href":"https:\/\/api.w.org\/{rel}","templated":true}]}}