{"id":111809,"date":"2024-08-25T15:20:36","date_gmt":"2024-08-25T18:20:36","guid":{"rendered":"https:\/\/blogdoedvaldomagalhaes.com.br\/?p=111809"},"modified":"2024-08-25T15:28:05","modified_gmt":"2024-08-25T18:28:05","slug":"flanelinha-e-assassinado-a-tiros-na-via-local-da-br-104-em-caruaru","status":"publish","type":"post","link":"https:\/\/blogdoedvaldomagalhaes.com.br\/index.php\/2024\/08\/25\/flanelinha-e-assassinado-a-tiros-na-via-local-da-br-104-em-caruaru\/","title":{"rendered":"Flanelinha \u00e9 assassinado a tiros na via local da BR 104, em Caruaru"},"content":{"rendered":"<p>Na tarde desse s\u00e1bado (24.08), um flanelinha foi assassinado a tiros na via local da BR 104, em Caruaru. A v\u00edtima foi <span style=\"font-size: revert;\">Jos\u00e9 Alves de Souza, 64 anos, era natural da Para\u00edba. que estava limpando para-brisas de carros quando dois homens em uma motocicleta Honda Bros, de cor branca, se aproximaram e efetuaram os disparos de arma de fogo.<br \/>\n<\/span><\/p>\n<p>A Guarda Municipal e a Pol\u00edcia Militar estiveram no local e acionaram o Instituto de Criminal\u00edstica (IC). O corpo foi encaminhado ao IML, e a Delegacia de Homic\u00eddios est\u00e1 investigando o caso.<\/p>\n<p>Esse foi o 7\u2022 homic\u00eddio no m\u00eas de agosto e o 83\u2022 no ano de 2024, em Caruaru. Foto: Reprodu\u00e7\u00e3o\/WhatsApp<\/p>\n<p>Seja seguidor do Instagram do Blog e comente @blogdoedvaldomagalhaes<\/p>\n","protected":false},"excerpt":{"rendered":"<p>Na tarde desse s\u00e1bado (24.08), um flanelinha foi assassinado a tiros na via local da BR 104, em Caruaru. A&hellip;<\/p>\n","protected":false},"author":1,"featured_media":111811,"comment_status":"closed","ping_status":"open","sticky":false,"template":"","format":"standard","meta":{"footnotes":""},"categories":[14121],"tags":[28803,27410,2,28801,31443,5448],"class_list":["post-111809","post","type-post","status-publish","format-standard","has-post-thumbnail","hentry","category-policial","tag-blog-com-mais-visualizacoes","tag-blog-de-caruaru","tag-blog-do-edvaldo-magalhaes","tag-blog-mais-acessado","tag-flanelinha-e-assassinado-a-tiros-na-via-local-da-br-104-em-caruaru","tag-homicidio"],"_links":{"self":[{"href":"https:\/\/blogdoedvaldomagalhaes.com.br\/index.php\/wp-json\/wp\/v2\/posts\/111809","targetHints":{"allow":["GET"]}}],"collection":[{"href":"https:\/\/blogdoedvaldomagalhaes.com.br\/index.php\/wp-json\/wp\/v2\/posts"}],"about":[{"href":"https:\/\/blogdoedvaldomagalhaes.com.br\/index.php\/wp-json\/wp\/v2\/types\/post"}],"author":[{"embeddable":true,"href":"https:\/\/blogdoedvaldomagalhaes.com.br\/index.php\/wp-json\/wp\/v2\/users\/1"}],"replies":[{"embeddable":true,"href":"https:\/\/blogdoedvaldomagalhaes.com.br\/index.php\/wp-json\/wp\/v2\/comments?post=111809"}],"version-history":[{"count":2,"href":"https:\/\/blogdoedvaldomagalhaes.com.br\/index.php\/wp-json\/wp\/v2\/posts\/111809\/revisions"}],"predecessor-version":[{"id":111813,"href":"https:\/\/blogdoedvaldomagalhaes.com.br\/index.php\/wp-json\/wp\/v2\/posts\/111809\/revisions\/111813"}],"wp:featuredmedia":[{"embeddable":true,"href":"https:\/\/blogdoedvaldomagalhaes.com.br\/index.php\/wp-json\/wp\/v2\/media\/111811"}],"wp:attachment":[{"href":"https:\/\/blogdoedvaldomagalhaes.com.br\/index.php\/wp-json\/wp\/v2\/media?parent=111809"}],"wp:term":[{"taxonomy":"category","embeddable":true,"href":"https:\/\/blogdoedvaldomagalhaes.com.br\/index.php\/wp-json\/wp\/v2\/categories?post=111809"},{"taxonomy":"post_tag","embeddable":true,"href":"https:\/\/blogdoedvaldomagalhaes.com.br\/index.php\/wp-json\/wp\/v2\/tags?post=111809"}],"curies":[{"name":"wp","href":"https:\/\/api.w.org\/{rel}","templated":true}]}}