{"id":111805,"date":"2024-08-25T15:00:25","date_gmt":"2024-08-25T18:00:25","guid":{"rendered":"https:\/\/blogdoedvaldomagalhaes.com.br\/?p=111805"},"modified":"2024-08-25T15:09:59","modified_gmt":"2024-08-25T18:09:59","slug":"em-riacho-das-almas-governadora-raquel-lyra-prestigia-festival-do-frio-do-vitorino-e-anuncia-obras-de-pavimentacao-de-estrada-no-municipio","status":"publish","type":"post","link":"https:\/\/blogdoedvaldomagalhaes.com.br\/index.php\/2024\/08\/25\/em-riacho-das-almas-governadora-raquel-lyra-prestigia-festival-do-frio-do-vitorino-e-anuncia-obras-de-pavimentacao-de-estrada-no-municipio\/","title":{"rendered":"Em Riacho das Almas, governadora Raquel Lyra prestigia Festival do Frio do Vitorino e anuncia obras de pavimenta\u00e7\u00e3o de estrada no munic\u00edpio"},"content":{"rendered":"<p>A governadora Raquel Lyra prestigiou, neste s\u00e1bado (24), o Festival do Frio de Vitorino, na Vila do Vitorino, distrito de Riacho das Almas, no Agreste Central. Durante o evento, a chefe do Executivo Estadual aproveitou para anunciar que as obras de pavimenta\u00e7\u00e3o da estrada de acesso \u00e0 vila ser\u00e3o iniciadas na pr\u00f3xima semana. A iniciativa conta com investimentos de R$ 3,5 milh\u00f5es do Estado.<\/p>\n<p>\u201cA for\u00e7a da nossa gente, as nossas ra\u00edzes, t\u00eam um grande potencial de gerar emprego e renda em uma manifesta\u00e7\u00e3o cultural como o Festival de Inverno do Vitorino. N\u00f3s vamos garantir a infraestrutura necess\u00e1ria para que todo mundo possa ter o direito de ir e vir \u00e0 vila com mais tranquilidade. A partir da semana que vem, as m\u00e1quinas v\u00e3o estar aqui para fazer a estrada do Vitorino. \u00c9 um sonho sonhado h\u00e1 muito tempo pela popula\u00e7\u00e3o de Riacho das Almas e de todo Pernambuco\u201d, afirmou a governadora Raquel Lyra.<\/p>\n<p>Esperada h\u00e1 d\u00e9cadas pela popula\u00e7\u00e3o local, a obra contempla um trecho de tr\u00eas quil\u00f4metros, tendo in\u00edcio na PE-95. A Companhia Estadual de Habita\u00e7\u00e3o e Obras (Cehab) vai executar os servi\u00e7os de terraplanagem, pavimenta\u00e7\u00e3o em paralelep\u00edpedo e drenagem supercial.<\/p>\n<p>De acordo com o diretor-presidente da Cehab, Paulo Lira, a previs\u00e3o \u00e9 de que a pavimenta\u00e7\u00e3o da estrada seja entregue em tr\u00eas meses. \u201cH\u00e1 muitos anos a popula\u00e7\u00e3o espera por essa pavimenta\u00e7\u00e3o e hoje, atrav\u00e9s da gest\u00e3o da governadora Raquel Lyra, os recursos est\u00e3o garantidos para que na pr\u00f3xima semana j\u00e1 possamos iniciar os trabalhos\u201d, enfatizou.<\/p>\n<p>Criado em 2005, o Festival do Frio do Vitorino movimenta a economia local da Zona Rural com apresenta\u00e7\u00f5es culturais que atraem turistas para curtir a festa em um clima marcado por baixas temperaturas. <\/p>\n<p>Morador da Vila desde que nasceu, o artes\u00e3o Ivanildo Gomes, de 58 anos, exp\u00f5e os seus produtos na Feira do Empreendedor, dentro da programa\u00e7\u00e3o do festival. \u201c\u00c9 a primeira vez que vejo uma chefe de Estado vindo prestigiar a nossa festa. Isso nos ajuda muito na divulga\u00e7\u00e3o. A visita \u00e9 ainda mais especial porque trouxe a pavimenta\u00e7\u00e3o da estrada\u201d, comemorou.<\/p>\n<p>Tamb\u00e9m estiveram acompanhando a comitiva da governadora o deputado estadual Ant\u00f4nio Moraes; o secret\u00e1rio da Casa Militar, coronel Herc\u00edlio Mamede; e o chefe de gabinete da governadora, Eduardo Vieira.<br \/>\nFoto: Jana\u00edna Pepeu\/Secom<br \/>\nSeja seguidor do Instagram do Blog @blogdoedvaldomagalhaes<\/p>\n","protected":false},"excerpt":{"rendered":"<p>A governadora Raquel Lyra prestigiou, neste s\u00e1bado (24), o Festival do Frio de Vitorino, na Vila do Vitorino, distrito de&hellip;<\/p>\n","protected":false},"author":1,"featured_media":111806,"comment_status":"closed","ping_status":"open","sticky":false,"template":"","format":"standard","meta":{"footnotes":""},"categories":[14120],"tags":[28803,27410,13146,28801,31441,31442,20],"class_list":["post-111805","post","type-post","status-publish","format-standard","has-post-thumbnail","hentry","category-noticias","tag-blog-com-mais-visualizacoes","tag-blog-de-caruaru","tag-blog-edvaldo-magalhaes","tag-blog-mais-acessado","tag-em-riacho-das-almas","tag-governadora-raquel-lyra-prestigia-festival-do-frio-do-vitorino-e-anuncia-obras-de-pavimentacao-de-estrada-no-municipio","tag-politica"],"_links":{"self":[{"href":"https:\/\/blogdoedvaldomagalhaes.com.br\/index.php\/wp-json\/wp\/v2\/posts\/111805","targetHints":{"allow":["GET"]}}],"collection":[{"href":"https:\/\/blogdoedvaldomagalhaes.com.br\/index.php\/wp-json\/wp\/v2\/posts"}],"about":[{"href":"https:\/\/blogdoedvaldomagalhaes.com.br\/index.php\/wp-json\/wp\/v2\/types\/post"}],"author":[{"embeddable":true,"href":"https:\/\/blogdoedvaldomagalhaes.com.br\/index.php\/wp-json\/wp\/v2\/users\/1"}],"replies":[{"embeddable":true,"href":"https:\/\/blogdoedvaldomagalhaes.com.br\/index.php\/wp-json\/wp\/v2\/comments?post=111805"}],"version-history":[{"count":1,"href":"https:\/\/blogdoedvaldomagalhaes.com.br\/index.php\/wp-json\/wp\/v2\/posts\/111805\/revisions"}],"predecessor-version":[{"id":111807,"href":"https:\/\/blogdoedvaldomagalhaes.com.br\/index.php\/wp-json\/wp\/v2\/posts\/111805\/revisions\/111807"}],"wp:featuredmedia":[{"embeddable":true,"href":"https:\/\/blogdoedvaldomagalhaes.com.br\/index.php\/wp-json\/wp\/v2\/media\/111806"}],"wp:attachment":[{"href":"https:\/\/blogdoedvaldomagalhaes.com.br\/index.php\/wp-json\/wp\/v2\/media?parent=111805"}],"wp:term":[{"taxonomy":"category","embeddable":true,"href":"https:\/\/blogdoedvaldomagalhaes.com.br\/index.php\/wp-json\/wp\/v2\/categories?post=111805"},{"taxonomy":"post_tag","embeddable":true,"href":"https:\/\/blogdoedvaldomagalhaes.com.br\/index.php\/wp-json\/wp\/v2\/tags?post=111805"}],"curies":[{"name":"wp","href":"https:\/\/api.w.org\/{rel}","templated":true}]}}