{"id":111800,"date":"2024-08-25T14:26:42","date_gmt":"2024-08-25T17:26:42","guid":{"rendered":"https:\/\/blogdoedvaldomagalhaes.com.br\/?p=111800"},"modified":"2024-08-25T14:33:28","modified_gmt":"2024-08-25T17:33:28","slug":"ze-queiroz-diz-que-sua-gestao-vai-trazer-de-volta-competitividade-a-feira-de-caruaru","status":"publish","type":"post","link":"https:\/\/blogdoedvaldomagalhaes.com.br\/index.php\/2024\/08\/25\/ze-queiroz-diz-que-sua-gestao-vai-trazer-de-volta-competitividade-a-feira-de-caruaru\/","title":{"rendered":"Z\u00e9 Queiroz diz que sua gest\u00e3o vai trazer de volta competitividade \u00e0 feira de Caruaru"},"content":{"rendered":"<p>Em agenda de campanha na manh\u00e3 desse s\u00e1bado (24), o candidato Z\u00e9 Queiroz (PDT) visitou a feira de Caruaru, no Parque 18 de Maio, e disse que, se eleito, sua gest\u00e3o vai centrar na reformula\u00e7\u00e3o daquele importante com\u00e9rcio. \u201cA feira da sulanca \u00e9 indiscutivelmente a maior fonte da economia de Caruaru. \u00c9 preciso dar vida a essa feira porque ela est\u00e1 morrendo, dinamizar os espa\u00e7os e garantir competitividade\u201d. <\/p>\n<p>No contato direto com o feirante, Z\u00e9 Queiroz e o candidato a vice, Tonynho Rodrigues (MDB), ouviram as demandas de infraestrutura, seguran\u00e7a e mobilidade. A falta de estacionamentos, de limpeza, a prec\u00e1ria ilumina\u00e7\u00e3o e uma campanha de divulga\u00e7\u00e3o em outros estados est\u00e3o os problemas mais citados por quem vivencia a realidade da feira de Caruaru.<\/p>\n<p>Z\u00e9 Queiroz lembrou que foi em sua primeira gest\u00e3o, no ano de 1983, que a feira da sulanca foi criada e logo se transformou numa grande fonte de renda para milhares de pessoas. \u201cA situa\u00e7\u00e3o da feira hoje nos preocupa, tem uma parte terceirizada e outra que \u00e9 do munic\u00edpio e est\u00e1 abandonada. Nossa administra\u00e7\u00e3o vai centrar na reformula\u00e7\u00e3o daquela parte abandonada e faremos isso ouvindo os sulanqueiros\u201d, defendeu.<br \/>\nFoto: Rafael Aroeira<br \/>\nSeja seguidor do Instagram do Blog @blogdoedvaldomagalhaed<\/p>\n","protected":false},"excerpt":{"rendered":"<p>Em agenda de campanha na manh\u00e3 desse s\u00e1bado (24), o candidato Z\u00e9 Queiroz (PDT) visitou a feira de Caruaru, no&hellip;<\/p>\n","protected":false},"author":1,"featured_media":111802,"comment_status":"closed","ping_status":"open","sticky":false,"template":"","format":"standard","meta":{"footnotes":""},"categories":[14122],"tags":[28803,27410,13146,28801,19613,20,31440],"class_list":["post-111800","post","type-post","status-publish","format-standard","has-post-thumbnail","hentry","category-politica","tag-blog-com-mais-visualizacoes","tag-blog-de-caruaru","tag-blog-edvaldo-magalhaes","tag-blog-mais-acessado","tag-eleicoes","tag-politica","tag-ze-queiroz-diz-que-sua-gestao-vai-trazer-de-volta-competitividade-a-feira-de-caruaru"],"_links":{"self":[{"href":"https:\/\/blogdoedvaldomagalhaes.com.br\/index.php\/wp-json\/wp\/v2\/posts\/111800","targetHints":{"allow":["GET"]}}],"collection":[{"href":"https:\/\/blogdoedvaldomagalhaes.com.br\/index.php\/wp-json\/wp\/v2\/posts"}],"about":[{"href":"https:\/\/blogdoedvaldomagalhaes.com.br\/index.php\/wp-json\/wp\/v2\/types\/post"}],"author":[{"embeddable":true,"href":"https:\/\/blogdoedvaldomagalhaes.com.br\/index.php\/wp-json\/wp\/v2\/users\/1"}],"replies":[{"embeddable":true,"href":"https:\/\/blogdoedvaldomagalhaes.com.br\/index.php\/wp-json\/wp\/v2\/comments?post=111800"}],"version-history":[{"count":2,"href":"https:\/\/blogdoedvaldomagalhaes.com.br\/index.php\/wp-json\/wp\/v2\/posts\/111800\/revisions"}],"predecessor-version":[{"id":111803,"href":"https:\/\/blogdoedvaldomagalhaes.com.br\/index.php\/wp-json\/wp\/v2\/posts\/111800\/revisions\/111803"}],"wp:featuredmedia":[{"embeddable":true,"href":"https:\/\/blogdoedvaldomagalhaes.com.br\/index.php\/wp-json\/wp\/v2\/media\/111802"}],"wp:attachment":[{"href":"https:\/\/blogdoedvaldomagalhaes.com.br\/index.php\/wp-json\/wp\/v2\/media?parent=111800"}],"wp:term":[{"taxonomy":"category","embeddable":true,"href":"https:\/\/blogdoedvaldomagalhaes.com.br\/index.php\/wp-json\/wp\/v2\/categories?post=111800"},{"taxonomy":"post_tag","embeddable":true,"href":"https:\/\/blogdoedvaldomagalhaes.com.br\/index.php\/wp-json\/wp\/v2\/tags?post=111800"}],"curies":[{"name":"wp","href":"https:\/\/api.w.org\/{rel}","templated":true}]}}