{"id":111794,"date":"2024-08-25T14:06:48","date_gmt":"2024-08-25T17:06:48","guid":{"rendered":"https:\/\/blogdoedvaldomagalhaes.com.br\/?p=111794"},"modified":"2024-08-25T14:06:48","modified_gmt":"2024-08-25T17:06:48","slug":"assaltante-fere-vitima-com-facao-e-e-pego-por-populares-apos-roubo","status":"publish","type":"post","link":"https:\/\/blogdoedvaldomagalhaes.com.br\/index.php\/2024\/08\/25\/assaltante-fere-vitima-com-facao-e-e-pego-por-populares-apos-roubo\/","title":{"rendered":"Assaltante fere v\u00edtima com fac\u00e3o e \u00e9 pego por populares ap\u00f3s roubo"},"content":{"rendered":"<p>Na noite de s\u00e1bado (24), uma equipe policial do 11\u00ba BPM foi informada por populares sobre um assalto em andamento na Estrada Velha de \u00c1gua Fria, no bairro de \u00c1gua Fria, no Recife. Ao chegar ao local, os policiais encontraram a v\u00edtima do roubo recebendo apoio de moradores da \u00e1rea.<\/p>\n<p>Com base nas informa\u00e7\u00f5es fornecidas, a equipe iniciou dilig\u00eancias e localizou o suspeito em uma rua transversal, na Rua Bomba do Hemet\u00e9rio, onde ele j\u00e1 estava detido por populares. O suspeito estava em posse de um fac\u00e3o. A v\u00edtima apresentava escoria\u00e7\u00f5es no bra\u00e7o e no t\u00f3rax, sendo prontamente conduzida para a UPA dos Torr\u00f5es para atendimento m\u00e9dico.<\/p>\n<p>Ap\u00f3s o atendimento, a v\u00edtima foi encaminhada para a CEPLANC, onde foram tomadas as provid\u00eancias cab\u00edveis.<br \/>\nFoto: Divulga\u00e7\u00e3o\/PMPE<br \/>\nSeja seguidor do Instagram do Blog @blogdoedvaldomagalhaes<\/p>\n","protected":false},"excerpt":{"rendered":"<p>Na noite de s\u00e1bado (24), uma equipe policial do 11\u00ba BPM foi informada por populares sobre um assalto em andamento&hellip;<\/p>\n","protected":false},"author":1,"featured_media":111795,"comment_status":"closed","ping_status":"open","sticky":false,"template":"","format":"standard","meta":{"footnotes":""},"categories":[14121],"tags":[31437,28803,27410,2,28801],"class_list":["post-111794","post","type-post","status-publish","format-standard","has-post-thumbnail","hentry","category-policial","tag-assaltante-fere-vitima-com-facao-e-e-pego-por-populares-apos-roubo","tag-blog-com-mais-visualizacoes","tag-blog-de-caruaru","tag-blog-do-edvaldo-magalhaes","tag-blog-mais-acessado"],"_links":{"self":[{"href":"https:\/\/blogdoedvaldomagalhaes.com.br\/index.php\/wp-json\/wp\/v2\/posts\/111794","targetHints":{"allow":["GET"]}}],"collection":[{"href":"https:\/\/blogdoedvaldomagalhaes.com.br\/index.php\/wp-json\/wp\/v2\/posts"}],"about":[{"href":"https:\/\/blogdoedvaldomagalhaes.com.br\/index.php\/wp-json\/wp\/v2\/types\/post"}],"author":[{"embeddable":true,"href":"https:\/\/blogdoedvaldomagalhaes.com.br\/index.php\/wp-json\/wp\/v2\/users\/1"}],"replies":[{"embeddable":true,"href":"https:\/\/blogdoedvaldomagalhaes.com.br\/index.php\/wp-json\/wp\/v2\/comments?post=111794"}],"version-history":[{"count":1,"href":"https:\/\/blogdoedvaldomagalhaes.com.br\/index.php\/wp-json\/wp\/v2\/posts\/111794\/revisions"}],"predecessor-version":[{"id":111796,"href":"https:\/\/blogdoedvaldomagalhaes.com.br\/index.php\/wp-json\/wp\/v2\/posts\/111794\/revisions\/111796"}],"wp:featuredmedia":[{"embeddable":true,"href":"https:\/\/blogdoedvaldomagalhaes.com.br\/index.php\/wp-json\/wp\/v2\/media\/111795"}],"wp:attachment":[{"href":"https:\/\/blogdoedvaldomagalhaes.com.br\/index.php\/wp-json\/wp\/v2\/media?parent=111794"}],"wp:term":[{"taxonomy":"category","embeddable":true,"href":"https:\/\/blogdoedvaldomagalhaes.com.br\/index.php\/wp-json\/wp\/v2\/categories?post=111794"},{"taxonomy":"post_tag","embeddable":true,"href":"https:\/\/blogdoedvaldomagalhaes.com.br\/index.php\/wp-json\/wp\/v2\/tags?post=111794"}],"curies":[{"name":"wp","href":"https:\/\/api.w.org\/{rel}","templated":true}]}}