{"id":111791,"date":"2024-08-24T10:38:08","date_gmt":"2024-08-24T13:38:08","guid":{"rendered":"https:\/\/blogdoedvaldomagalhaes.com.br\/?p=111791"},"modified":"2024-08-24T10:38:08","modified_gmt":"2024-08-24T13:38:08","slug":"olho-no-olho-e-porta-a-porta-tem-sido-as-apostas-de-armandinho-e-karla-para-alcancar-a-populacao","status":"publish","type":"post","link":"https:\/\/blogdoedvaldomagalhaes.com.br\/index.php\/2024\/08\/24\/olho-no-olho-e-porta-a-porta-tem-sido-as-apostas-de-armandinho-e-karla-para-alcancar-a-populacao\/","title":{"rendered":"Olho no olho e porta a porta t\u00eam sido as apostas de Armandinho e Karla para alcan\u00e7ar a popula\u00e7\u00e3o"},"content":{"rendered":"<p>Essa sexta-feira (23), foi dedicada por Armandinho e Karla a visitas ao Centro da cidade, pela manh\u00e3, e a tarde e noite para visitas a diversos bairros da cidade.<\/p>\n<p>O encontro com os moradores desses bairros se dividiu em momentos de escuta, mas, como diz Armandinho \u201cos problemas dos bairros de Caruaru s\u00e3o os mesmos, aonde quer que se v\u00e1. As mesmas necessidades, as mesmas cobran\u00e7as do Poder P\u00fablico, o mesmo abandono\u201d.<\/p>\n<p>Dos bairros visitados, a Vila Padre In\u00e1cio, por se tratar de um dos bairros mais antigos da cidade, tem um maior volume de problemas, mas os bairros do Sol Poente e Jos\u00e9 Carlos de Oliveira precisam das mesmas provid\u00eancias.<br \/>\nInteressante \u00e9 a popula\u00e7\u00e3o constatar que tudo que eles reclamam e cobram est\u00e1 descrito no Plano de Governo de Armandinho e Karla que, em todas as propostas, apresentam projetos e solu\u00e7\u00f5es. E isto s\u00f3 \u00e9 poss\u00edvel porque, para sua cria\u00e7\u00e3o, os candidatos percorreram todos os pontos da cidade, conversaram com muita gente e trocaram muitas ideias, durante mais de um ano.<\/p>\n<p>O plano apresenta, entre muitas outras propostas, a promessa de investimento na recupera\u00e7\u00e3o de vias p\u00fablicas e no aprimoramento do saneamento b\u00e1sico para garantir infraestrutura de qualidade e melhorar a sa\u00fade p\u00fablica, como tamb\u00e9m implementar o Projeto de Regulariza\u00e7\u00e3o dos Im\u00f3veis, promovendo um<br \/>\nmutir\u00e3o em parceria com \u00f3rg\u00e3os competentes para oficializar esses registros com documentos de compra e venda.<\/p>\n<p>Importante ressaltar que a verdadeira pesquisa est\u00e1 nas ruas, mostrando o sentimento da popula\u00e7\u00e3o que, hoje, s\u00f3 tem duas op\u00e7\u00f5es: olhar para o passado, com os mesmos que a\u00ed est\u00e3o h\u00e1 65 anos, ou mirar no futuro e renovar Caruaru.<br \/>\nFoto: Divulga\u00e7\u00e3o\/Assessoria<br \/>\nSeja seguidor do Instagram do Blog @blogdoedvaldomagalhaes<\/p>\n","protected":false},"excerpt":{"rendered":"<p>Essa sexta-feira (23), foi dedicada por Armandinho e Karla a visitas ao Centro da cidade, pela manh\u00e3, e a tarde&hellip;<\/p>\n","protected":false},"author":1,"featured_media":111792,"comment_status":"closed","ping_status":"open","sticky":false,"template":"","format":"standard","meta":{"footnotes":""},"categories":[14122],"tags":[28803,27410,2,19613,31436,20],"class_list":["post-111791","post","type-post","status-publish","format-standard","has-post-thumbnail","hentry","category-politica","tag-blog-com-mais-visualizacoes","tag-blog-de-caruaru","tag-blog-do-edvaldo-magalhaes","tag-eleicoes","tag-olho-no-olho-e-porta-a-porta-tem-sido-as-apostas-de-armandinho-e-karla-para-alcancar-a-populacao","tag-politica"],"_links":{"self":[{"href":"https:\/\/blogdoedvaldomagalhaes.com.br\/index.php\/wp-json\/wp\/v2\/posts\/111791","targetHints":{"allow":["GET"]}}],"collection":[{"href":"https:\/\/blogdoedvaldomagalhaes.com.br\/index.php\/wp-json\/wp\/v2\/posts"}],"about":[{"href":"https:\/\/blogdoedvaldomagalhaes.com.br\/index.php\/wp-json\/wp\/v2\/types\/post"}],"author":[{"embeddable":true,"href":"https:\/\/blogdoedvaldomagalhaes.com.br\/index.php\/wp-json\/wp\/v2\/users\/1"}],"replies":[{"embeddable":true,"href":"https:\/\/blogdoedvaldomagalhaes.com.br\/index.php\/wp-json\/wp\/v2\/comments?post=111791"}],"version-history":[{"count":1,"href":"https:\/\/blogdoedvaldomagalhaes.com.br\/index.php\/wp-json\/wp\/v2\/posts\/111791\/revisions"}],"predecessor-version":[{"id":111793,"href":"https:\/\/blogdoedvaldomagalhaes.com.br\/index.php\/wp-json\/wp\/v2\/posts\/111791\/revisions\/111793"}],"wp:featuredmedia":[{"embeddable":true,"href":"https:\/\/blogdoedvaldomagalhaes.com.br\/index.php\/wp-json\/wp\/v2\/media\/111792"}],"wp:attachment":[{"href":"https:\/\/blogdoedvaldomagalhaes.com.br\/index.php\/wp-json\/wp\/v2\/media?parent=111791"}],"wp:term":[{"taxonomy":"category","embeddable":true,"href":"https:\/\/blogdoedvaldomagalhaes.com.br\/index.php\/wp-json\/wp\/v2\/categories?post=111791"},{"taxonomy":"post_tag","embeddable":true,"href":"https:\/\/blogdoedvaldomagalhaes.com.br\/index.php\/wp-json\/wp\/v2\/tags?post=111791"}],"curies":[{"name":"wp","href":"https:\/\/api.w.org\/{rel}","templated":true}]}}