{"id":111788,"date":"2024-08-24T10:11:12","date_gmt":"2024-08-24T13:11:12","guid":{"rendered":"https:\/\/blogdoedvaldomagalhaes.com.br\/?p=111788"},"modified":"2024-08-24T10:11:12","modified_gmt":"2024-08-24T13:11:12","slug":"rodrigo-pinheiro-recebe-o-carinho-de-moradores-do-santa-clara-e-divinopolis-e-ressalta-que-todos-apostam-numa-gestao-ficha-limpa","status":"publish","type":"post","link":"https:\/\/blogdoedvaldomagalhaes.com.br\/index.php\/2024\/08\/24\/rodrigo-pinheiro-recebe-o-carinho-de-moradores-do-santa-clara-e-divinopolis-e-ressalta-que-todos-apostam-numa-gestao-ficha-limpa\/","title":{"rendered":"Rodrigo Pinheiro recebe o carinho de moradores do Santa Clara e Divin\u00f3polis e ressalta que todos apostam numa gest\u00e3o ficha limpa"},"content":{"rendered":"<p>Com disposi\u00e7\u00e3o de sobra para governar Caruaru pelos pr\u00f3ximos quatro anos, o prefeito e candidato \u00e0 reelei\u00e7\u00e3o Rodrigo Pinheiro (PSDB), juntamente com a sua candidata a vice Dayse Silva, realizou grande caminhada pelo bairro Divin\u00f3polis, na noite desta sexta-feira (23), reunindo milhares de apoiadores. Durante o percurso, ele recebeu os abra\u00e7os e elogios calorosos da popula\u00e7\u00e3o, que vem comparecendo em massa a todos os eventos da coliga\u00e7\u00e3o Avan\u00e7a Caruaru. <\/p>\n<p>Este foi o caso do morador do Divin\u00f3polis, Jos\u00e9 Apr\u00edgio, que enumerou as melhorias observadas no bairro, ap\u00f3s o in\u00edcio da gest\u00e3o de Rodrigo. \u201cA ilumina\u00e7\u00e3o melhorou ainda mais nas ruas e os esgotos estourados diminu\u00edram bastante. Sem falar nas pra\u00e7as que receberam pinturas novas e tiveram os seus brinquedos trocados. Por isso que toda a nossa fam\u00edlia, votar\u00e1 no 45, em outubro\u201d.<\/p>\n<p>Durante o seu discurso, j\u00e1 no t\u00e9rmino do trajeto, o candidato \u00e0 reelei\u00e7\u00e3o transpareceu o desejo de continuar transformando para melhor a vida dos caruaruenses, atrav\u00e9s dos investimentos pr\u00f3prios e junto \u00e0 parceria com a governadora de Pernambuco, Raquel Lyra.    <\/p>\n<p>\u201cEstamos passando por todos os bairros de Caruaru e enxergando nos olhos dos caruaruenses a confian\u00e7a no nosso trabalho. Realizamos quase 100% de todas propostas descritas no plano de governo de 2020 e a nossa aprova\u00e7\u00e3o est\u00e1 beirando a casa dos 70%. A popula\u00e7\u00e3o se encontra apostando numa gest\u00e3o ficha limpa e que continuar\u00e1 trabalhando cada vez mais para fazer de Caruaru uma cidade ainda melhor para se viver\u201d, destacou Rodrigo.<\/p>\n<p>Neste s\u00e1bado (24) ser\u00e1 a vez do bairro do Salgado comportar a terceira caminhada da campanha de rua de Rodrigo Pinheiro.<br \/>\nFoto: Divulga\u00e7\u00e3o\/Equipe de assessoria<br \/>\nSeja seguidor do Instagram do Blog @blogdoedvaldomagalhaes<\/p>\n","protected":false},"excerpt":{"rendered":"<p>Com disposi\u00e7\u00e3o de sobra para governar Caruaru pelos pr\u00f3ximos quatro anos, o prefeito e candidato \u00e0 reelei\u00e7\u00e3o Rodrigo Pinheiro (PSDB),&hellip;<\/p>\n","protected":false},"author":1,"featured_media":111789,"comment_status":"closed","ping_status":"open","sticky":false,"template":"","format":"standard","meta":{"footnotes":""},"categories":[14122],"tags":[28803,27410,2,28801,19613,20,31435],"class_list":["post-111788","post","type-post","status-publish","format-standard","has-post-thumbnail","hentry","category-politica","tag-blog-com-mais-visualizacoes","tag-blog-de-caruaru","tag-blog-do-edvaldo-magalhaes","tag-blog-mais-acessado","tag-eleicoes","tag-politica","tag-rodrigo-pinheiro-recebe-o-carinho-de-moradores-do-santa-clara-e-divinopolis-e-ressalta-que-todos-apostam-numa-gestao-ficha-limpa"],"_links":{"self":[{"href":"https:\/\/blogdoedvaldomagalhaes.com.br\/index.php\/wp-json\/wp\/v2\/posts\/111788","targetHints":{"allow":["GET"]}}],"collection":[{"href":"https:\/\/blogdoedvaldomagalhaes.com.br\/index.php\/wp-json\/wp\/v2\/posts"}],"about":[{"href":"https:\/\/blogdoedvaldomagalhaes.com.br\/index.php\/wp-json\/wp\/v2\/types\/post"}],"author":[{"embeddable":true,"href":"https:\/\/blogdoedvaldomagalhaes.com.br\/index.php\/wp-json\/wp\/v2\/users\/1"}],"replies":[{"embeddable":true,"href":"https:\/\/blogdoedvaldomagalhaes.com.br\/index.php\/wp-json\/wp\/v2\/comments?post=111788"}],"version-history":[{"count":1,"href":"https:\/\/blogdoedvaldomagalhaes.com.br\/index.php\/wp-json\/wp\/v2\/posts\/111788\/revisions"}],"predecessor-version":[{"id":111790,"href":"https:\/\/blogdoedvaldomagalhaes.com.br\/index.php\/wp-json\/wp\/v2\/posts\/111788\/revisions\/111790"}],"wp:featuredmedia":[{"embeddable":true,"href":"https:\/\/blogdoedvaldomagalhaes.com.br\/index.php\/wp-json\/wp\/v2\/media\/111789"}],"wp:attachment":[{"href":"https:\/\/blogdoedvaldomagalhaes.com.br\/index.php\/wp-json\/wp\/v2\/media?parent=111788"}],"wp:term":[{"taxonomy":"category","embeddable":true,"href":"https:\/\/blogdoedvaldomagalhaes.com.br\/index.php\/wp-json\/wp\/v2\/categories?post=111788"},{"taxonomy":"post_tag","embeddable":true,"href":"https:\/\/blogdoedvaldomagalhaes.com.br\/index.php\/wp-json\/wp\/v2\/tags?post=111788"}],"curies":[{"name":"wp","href":"https:\/\/api.w.org\/{rel}","templated":true}]}}