{"id":111785,"date":"2024-08-24T09:57:44","date_gmt":"2024-08-24T12:57:44","guid":{"rendered":"https:\/\/blogdoedvaldomagalhaes.com.br\/?p=111785"},"modified":"2024-08-24T09:57:44","modified_gmt":"2024-08-24T12:57:44","slug":"hmv-vai-promover-palestra-sobre-os-impactos-da-violencia-contra-a-mulher","status":"publish","type":"post","link":"https:\/\/blogdoedvaldomagalhaes.com.br\/index.php\/2024\/08\/24\/hmv-vai-promover-palestra-sobre-os-impactos-da-violencia-contra-a-mulher\/","title":{"rendered":"HMV vai promover palestra sobre os impactos da viol\u00eancia contra a mulher"},"content":{"rendered":"<p>Em apoio ao Agosto Lil\u00e1s, m\u00eas dedicado \u00e0 conscientiza\u00e7\u00e3o e combate \u00e0 viol\u00eancia contra as mulheres, o Hospital Mestre Vitalino (HMV) realizar\u00e1 a palestra \u201cOs Impactos da Viol\u00eancia Contra a Mulher\u201d no pr\u00f3ximo dia 26 de agosto, \u00e0s 09h30, no audit\u00f3rio da institui\u00e7\u00e3o. Este evento visa promover um di\u00e1logo aberto e informativo sobre os impactos da viol\u00eancia dom\u00e9stica e sexual, e refor\u00e7ar a import\u00e2ncia de medidas de preven\u00e7\u00e3o e apoio \u00e0s v\u00edtimas.<\/p>\n<p>O Agosto Lil\u00e1s \u00e9 um movimento que busca sensibilizar a sociedade sobre a viol\u00eancia contra as mulheres, um problema de sa\u00fade p\u00fablica e de direitos humanos. A palestra, organizada pelo HMV, ter\u00e1 como foco a an\u00e1lise dos efeitos f\u00edsicos, emocionais e sociais da viol\u00eancia, bem como as estrat\u00e9gias de apoio e prote\u00e7\u00e3o para as v\u00edtimas. O evento \u00e9 voltado para as colaboradoras e colaboradores da unidade.<br \/>\nFoto: Divulga\u00e7\u00e3o<br \/>\nSeja seguidor do Instagram do Blog @blogdoedvaldomagalhaes<\/p>\n","protected":false},"excerpt":{"rendered":"<p>Em apoio ao Agosto Lil\u00e1s, m\u00eas dedicado \u00e0 conscientiza\u00e7\u00e3o e combate \u00e0 viol\u00eancia contra as mulheres, o Hospital Mestre Vitalino&hellip;<\/p>\n","protected":false},"author":1,"featured_media":111786,"comment_status":"closed","ping_status":"open","sticky":false,"template":"","format":"standard","meta":{"footnotes":""},"categories":[14120],"tags":[28803,27410,2,28801,31434],"class_list":["post-111785","post","type-post","status-publish","format-standard","has-post-thumbnail","hentry","category-noticias","tag-blog-com-mais-visualizacoes","tag-blog-de-caruaru","tag-blog-do-edvaldo-magalhaes","tag-blog-mais-acessado","tag-hmv-vai-promover-palestra-sobre-os-impactos-da-violencia-contra-a-mulher"],"_links":{"self":[{"href":"https:\/\/blogdoedvaldomagalhaes.com.br\/index.php\/wp-json\/wp\/v2\/posts\/111785","targetHints":{"allow":["GET"]}}],"collection":[{"href":"https:\/\/blogdoedvaldomagalhaes.com.br\/index.php\/wp-json\/wp\/v2\/posts"}],"about":[{"href":"https:\/\/blogdoedvaldomagalhaes.com.br\/index.php\/wp-json\/wp\/v2\/types\/post"}],"author":[{"embeddable":true,"href":"https:\/\/blogdoedvaldomagalhaes.com.br\/index.php\/wp-json\/wp\/v2\/users\/1"}],"replies":[{"embeddable":true,"href":"https:\/\/blogdoedvaldomagalhaes.com.br\/index.php\/wp-json\/wp\/v2\/comments?post=111785"}],"version-history":[{"count":1,"href":"https:\/\/blogdoedvaldomagalhaes.com.br\/index.php\/wp-json\/wp\/v2\/posts\/111785\/revisions"}],"predecessor-version":[{"id":111787,"href":"https:\/\/blogdoedvaldomagalhaes.com.br\/index.php\/wp-json\/wp\/v2\/posts\/111785\/revisions\/111787"}],"wp:featuredmedia":[{"embeddable":true,"href":"https:\/\/blogdoedvaldomagalhaes.com.br\/index.php\/wp-json\/wp\/v2\/media\/111786"}],"wp:attachment":[{"href":"https:\/\/blogdoedvaldomagalhaes.com.br\/index.php\/wp-json\/wp\/v2\/media?parent=111785"}],"wp:term":[{"taxonomy":"category","embeddable":true,"href":"https:\/\/blogdoedvaldomagalhaes.com.br\/index.php\/wp-json\/wp\/v2\/categories?post=111785"},{"taxonomy":"post_tag","embeddable":true,"href":"https:\/\/blogdoedvaldomagalhaes.com.br\/index.php\/wp-json\/wp\/v2\/tags?post=111785"}],"curies":[{"name":"wp","href":"https:\/\/api.w.org\/{rel}","templated":true}]}}