{"id":111782,"date":"2024-08-24T09:43:20","date_gmt":"2024-08-24T12:43:20","guid":{"rendered":"https:\/\/blogdoedvaldomagalhaes.com.br\/?p=111782"},"modified":"2024-08-24T09:43:20","modified_gmt":"2024-08-24T12:43:20","slug":"11o-festival-de-cinema-de-caruaru-realiza-exibicoes-gratuitas-entre-28-e-31-de-agosto","status":"publish","type":"post","link":"https:\/\/blogdoedvaldomagalhaes.com.br\/index.php\/2024\/08\/24\/11o-festival-de-cinema-de-caruaru-realiza-exibicoes-gratuitas-entre-28-e-31-de-agosto\/","title":{"rendered":"11\u00ba Festival de Cinema de Caruaru realiza exibi\u00e7\u00f5es gratuitas entre 28 e 31 de agosto"},"content":{"rendered":"<p>Ter\u00e3o in\u00edcio, nesta quarta-feira (28), as exibi\u00e7\u00f5es da 11\u00aa edi\u00e7\u00e3o do Festival de Cinema de Caruaru. As sess\u00f5es ser\u00e3o realizadas diariamente, a partir das 19h, e contar\u00e3o com filmes nacionais e internacionais, que integram as mostras Pega Leve, Latino-Americana, Fant\u00e1sticos, Agreste e Brasil. O acesso \u00e9 gratuito.<\/p>\n<p>Nesta edi\u00e7\u00e3o, a programa\u00e7\u00e3o conta com 55 filmes, que foram selecionados a partir de 928 inscri\u00e7\u00f5es. A primeira etapa das exibi\u00e7\u00f5es j\u00e1 foi realizada, entre os dias 12 e 16, com as Mostras Infantil e Adolescine nas escolas p\u00fablicas da cidade. Al\u00e9m disso, o evento promoveu a Mostra Itinerante Acessibilidade, na sede da  Associa\u00e7\u00e3o de Pessoas com Defici\u00eancia de Caruaru (APODEC).<\/p>\n<p>A finaliza\u00e7\u00e3o do festival acontecer\u00e1 no s\u00e1bado (31), com a realiza\u00e7\u00e3o da Mostra Especial Caruaru e a premia\u00e7\u00e3o dos filmes exibidos. Mais detalhes da programa\u00e7\u00e3o podem ser acessados em: https:\/\/festivaldecaruaru.com.br\/.<\/p>\n<p>Confira a programa\u00e7\u00e3o:<\/p>\n<p>Quarta-feira (28)<br \/>\nMostra Pega Leve<br \/>\nPara\u00edso, dir. Valentina Salvestrini, S\u00e3o Paulo \u2013 SP, 12 min, 12.<br \/>\nMostra Latino-Americana<br \/>\nT\u00eanue, dir. Leonardo P\u00e9rez, Venezuela, 13 min, 12.<br \/>\nDoen\u00e7a do Sono, dir. Cristiano Paiz, Guatemala, 4 min, 16.<br \/>\nPara as Mem\u00f3rias, dir. Rodrigo Ugalde, M\u00e9xico, 17 min, L.<br \/>\nNa Bolha, dir. Valeria P\u00e9rez Delgado e Florencia Fern\u00e1ndez, Argentina, 12 min, L.<br \/>\nDias de Chuva, dir. Ainara Iungman, Argentina, 15 min, 14.<\/p>\n<p>Mostra Fant\u00e1sticos<br \/>\nEncruzilhada Bar, dir. Johann Jean, Natal \u2013 RN, 10 min, 12.<br \/>\nDia de Preto, dir. Beto Oliveira, Piracicaba \u2013 SP, 15 min, 12.<br \/>\nAutocuidado, dir. Sofia Pires, S\u00e3o Paulo \u2013 SP, 8 min, L.<br \/>\nNoite de Jogos, dir. Stefany Taglialatella, S\u00e3o Paulo \u2013 SP, 20 min, 14.<br \/>\nGuimbo, dir. Giordano Benites, Porto Alegre \u2013 RS, 9 min, 12.<br \/>\nMau Press\u00e1gio, dir. Rhodes Madureira, Belo Horizonte \u2013 MG, 4 min, 14.<br \/>\nL\u00e1 Fora, dir. Louis Fernanda, Caruaru \u2013 PE, 2 min, L.<\/p>\n<p>Quinta-feira (29)<br \/>\nMostra Pega Leve<br \/>\nOpera\u00e7\u00e3o Enjoei do Bingo, dir. Vinicius Damasceno, S\u00e3o Paulo \u2013 SP, 6 min, L.<\/p>\n<p>Mostra Agreste<br \/>\nPara Onde Eu Vou?, dir. Fabi Melo, Campina Grande \u2013 PB, 6 min, L.<br \/>\nOrdena\u00e7\u00e3o, dir. Jos\u00e9 Railson, Campina Grande \u2013 PB, 8 min, 12.<br \/>\nFlor do Coco, dir. Vin\u00edcius Tavares, Toritama \u2013 PE, 15 min, L.<br \/>\nO Rebanho de Quincas, dir. Rebeca Souza, Boa Vista \u2013 PE, 11 min, L.<br \/>\nO Canto, dir. Isa Magalh\u00e3es e Izabella Vit\u00f3rio, Arapiraca \u2013 AL, 15 min, L.<\/p>\n<p>Mostra Brasil<br \/>\nN\u00e3o Olhe Para Mim, dir. Natasha Atab, S\u00e3o Paulo \u2013 SP, 10 min, L.<br \/>\nOnde as Flores Crescem, dir. Fabr\u00edcio de Lima, Santos \u2013 SP, 15 min, L.<br \/>\nO Sacro e o Profano de Ara\u00fajo e Ver\u00f4nica, dir. Rivanildo Feitosa, Teresina \u2013 PI, 15 min, 16.<br \/>\nConex\u00e3o, dir. Julie Ketlem, Caruaru \u2013 PE, 15 min, L.<br \/>\nTerminal, dir. Getsemane Silva e Guilherme Bacalhao, Bras\u00edlia \u2013 DF, 15 min, 14.<br \/>\nAquela Mulher, dir. Marina Erlanger e Cristina Lago, Rio de Janeiro \u2013 RJ, 14 min, L.<br \/>\nExpresso S\u00e3o Valentim, dir. Guilherme Ayres e Luiza Torres, Santos \u2013 SP, 14 min, L.<br \/>\nDinho, dir. Leo Tabosa, Recife \u2013 PE, 20 min, L.<\/p>\n<p>Sexta-feira (30)<br \/>\nMostra Pega Leve<br \/>\nSonata Beladona, dir. Ant\u00f4nio Rafael, Aracaju \u2013 SE, 13 min, 14.<\/p>\n<p>Mostra Agreste<br \/>\nGraffito, Logo Existo, dir. Leandro Machado, Caruaru \u2013 PE, 18 min, 10.<br \/>\nLa Ursa, dir. Joebson Jos\u00e9, S\u00e3o Caetano \u2013 PE, 9 min, L.<br \/>\nBlack Out \u2013 A Hist\u00f3ria Apagada no Palco da Arte, dir. Renan Oliveira, Caruaru \u2013 PE, 15 min, 12.<br \/>\nDrag Queens em Cena: A Express\u00e3o de Almas Art\u00edsticas, dir. Alana Pereira, Caruaru \u2013 PE, 9 min, L.<\/p>\n<p>Mostra Brasil<br \/>\nDiga ao Povo que Avance, dir. Evelyn Freitas, Mossor\u00f3 \u2013 RN, 15 min, L.<br \/>\nDona Taquariana, Uma Cabocla Brasileira, dir. Abimaelson Santos, S\u00e3o Luis \u2013 MA, 14 min, L.<br \/>\nDente, dir. Rita Luna, Camaragibe \u2013 PE, 20 min, L.<br \/>\nEu N\u00e3o Sei Se Vou Ter Que Falar Tudo de Novo, dir. Vit\u00f3ria Fallavena e Thassilo Weber, Rio de Janeiro \u2013 RJ, 14 min, L.<br \/>\nUmbilina e Sua Grande Rival, dir. Marlom Meirelles, Bezerros \u2013 PE, 20 min, L.<br \/>\nPequenas Insurrei\u00e7\u00f5es, dir. William de Oliveira, Curitiba \u2013 PR, 13 min, 10.<br \/>\nSamuel Foi Trabalhar, dir. Janderson Felipe e Lucas Litrento, Macei\u00f3 \u2013 AL, 16 min, 10.<br \/>\nS\u00e1bado (31)<br \/>\nMostra Especial Caruaru<br \/>\nCultura em Movimento: O Hip-Hop em Caruaru, dir. Igor Lira, Caruaru \u2013 PE, 20 min, 12.<br \/>\nAbandono Urbano: Uma Hist\u00f3ria n\u00e3o Contada do Alto do Moura, dir. Keyliane Maria, Caruaru \u2013 PE, 10 min, L.<br \/>\nFoto: Ythalla Maraysa<br \/>\nSeja seguidor do Instagram do Blog @blogdoedvaldomagalhaes<\/p>\n","protected":false},"excerpt":{"rendered":"<p>Ter\u00e3o in\u00edcio, nesta quarta-feira (28), as exibi\u00e7\u00f5es da 11\u00aa edi\u00e7\u00e3o do Festival de Cinema de Caruaru. As sess\u00f5es ser\u00e3o realizadas&hellip;<\/p>\n","protected":false},"author":1,"featured_media":111783,"comment_status":"closed","ping_status":"open","sticky":false,"template":"","format":"standard","meta":{"footnotes":""},"categories":[14120],"tags":[31433,28803,27410,2,28801],"class_list":["post-111782","post","type-post","status-publish","format-standard","has-post-thumbnail","hentry","category-noticias","tag-11o-festival-de-cinema-de-caruaru-realiza-exibicoes-gratuitas-entre-28-e-31-de-agosto","tag-blog-com-mais-visualizacoes","tag-blog-de-caruaru","tag-blog-do-edvaldo-magalhaes","tag-blog-mais-acessado"],"_links":{"self":[{"href":"https:\/\/blogdoedvaldomagalhaes.com.br\/index.php\/wp-json\/wp\/v2\/posts\/111782","targetHints":{"allow":["GET"]}}],"collection":[{"href":"https:\/\/blogdoedvaldomagalhaes.com.br\/index.php\/wp-json\/wp\/v2\/posts"}],"about":[{"href":"https:\/\/blogdoedvaldomagalhaes.com.br\/index.php\/wp-json\/wp\/v2\/types\/post"}],"author":[{"embeddable":true,"href":"https:\/\/blogdoedvaldomagalhaes.com.br\/index.php\/wp-json\/wp\/v2\/users\/1"}],"replies":[{"embeddable":true,"href":"https:\/\/blogdoedvaldomagalhaes.com.br\/index.php\/wp-json\/wp\/v2\/comments?post=111782"}],"version-history":[{"count":1,"href":"https:\/\/blogdoedvaldomagalhaes.com.br\/index.php\/wp-json\/wp\/v2\/posts\/111782\/revisions"}],"predecessor-version":[{"id":111784,"href":"https:\/\/blogdoedvaldomagalhaes.com.br\/index.php\/wp-json\/wp\/v2\/posts\/111782\/revisions\/111784"}],"wp:featuredmedia":[{"embeddable":true,"href":"https:\/\/blogdoedvaldomagalhaes.com.br\/index.php\/wp-json\/wp\/v2\/media\/111783"}],"wp:attachment":[{"href":"https:\/\/blogdoedvaldomagalhaes.com.br\/index.php\/wp-json\/wp\/v2\/media?parent=111782"}],"wp:term":[{"taxonomy":"category","embeddable":true,"href":"https:\/\/blogdoedvaldomagalhaes.com.br\/index.php\/wp-json\/wp\/v2\/categories?post=111782"},{"taxonomy":"post_tag","embeddable":true,"href":"https:\/\/blogdoedvaldomagalhaes.com.br\/index.php\/wp-json\/wp\/v2\/tags?post=111782"}],"curies":[{"name":"wp","href":"https:\/\/api.w.org\/{rel}","templated":true}]}}