{"id":111775,"date":"2024-08-23T23:09:04","date_gmt":"2024-08-24T02:09:04","guid":{"rendered":"https:\/\/blogdoedvaldomagalhaes.com.br\/?p=111775"},"modified":"2024-08-23T23:09:04","modified_gmt":"2024-08-24T02:09:04","slug":"bora-com-ze-invade-as-ruas-do-salgado-e-sao-joao-da-escocia","status":"publish","type":"post","link":"https:\/\/blogdoedvaldomagalhaes.com.br\/index.php\/2024\/08\/23\/bora-com-ze-invade-as-ruas-do-salgado-e-sao-joao-da-escocia\/","title":{"rendered":"\u201cBora com Z\u00e9\u201d invade as ruas do Salgado e S\u00e3o Jo\u00e3o da Esc\u00f3cia"},"content":{"rendered":"<p>Num ato chamado de &#8220;Bora com Z\u00e9&#8221;, o candidato \u00e0 prefeitura de Caruaru Z\u00e9 Queiroz (PDT) e o vice Tonynho Rodrigues (MDB) percorreram na noite desta sexta (23) as ruas dos bairros S\u00e3o Jo\u00e3o da Esc\u00f3cia e Salgado. O \u201cBora com Z\u00e9\u201d \u00e9 mais uma novidade da campanha do pedetista e vai passar por todos os bairros de Caruaru durante a campanha eleitoral. <\/p>\n<p>Z\u00e9 Queiroz declarou que a for\u00e7a do povo vai lev\u00e1-lo \u00e0 vit\u00f3ria para mudar Caruaru. \u201cAcabo essa carreata emocionado com o que vimos hoje nas ruas e isso reflete o crescimento da nossa campanha. Por onde passamos, o caruaruense saiu de casa para dizer sim ao time que tem as melhores propostas, experi\u00eancia e apoios para fazer a melhor gest\u00e3o e a mudan\u00e7a que Caruaru espera\u201d, disse Z\u00e9 Queiroz.<br \/>\nFoto: Tiago Calazans<br \/>\nSeja seguidor do Instagram do Blog @blogdoedvaldomagalhaes<\/p>\n","protected":false},"excerpt":{"rendered":"<p>Num ato chamado de &#8220;Bora com Z\u00e9&#8221;, o candidato \u00e0 prefeitura de Caruaru Z\u00e9 Queiroz (PDT) e o vice Tonynho&hellip;<\/p>\n","protected":false},"author":1,"featured_media":111777,"comment_status":"closed","ping_status":"open","sticky":false,"template":"","format":"standard","meta":{"footnotes":""},"categories":[14122],"tags":[31431,28803,27410,13146,28801,19613,20],"class_list":["post-111775","post","type-post","status-publish","format-standard","has-post-thumbnail","hentry","category-politica","tag-bora-com-ze-invade-as-ruas-do-salgado-e-sao-joao-da-escocia","tag-blog-com-mais-visualizacoes","tag-blog-de-caruaru","tag-blog-edvaldo-magalhaes","tag-blog-mais-acessado","tag-eleicoes","tag-politica"],"_links":{"self":[{"href":"https:\/\/blogdoedvaldomagalhaes.com.br\/index.php\/wp-json\/wp\/v2\/posts\/111775","targetHints":{"allow":["GET"]}}],"collection":[{"href":"https:\/\/blogdoedvaldomagalhaes.com.br\/index.php\/wp-json\/wp\/v2\/posts"}],"about":[{"href":"https:\/\/blogdoedvaldomagalhaes.com.br\/index.php\/wp-json\/wp\/v2\/types\/post"}],"author":[{"embeddable":true,"href":"https:\/\/blogdoedvaldomagalhaes.com.br\/index.php\/wp-json\/wp\/v2\/users\/1"}],"replies":[{"embeddable":true,"href":"https:\/\/blogdoedvaldomagalhaes.com.br\/index.php\/wp-json\/wp\/v2\/comments?post=111775"}],"version-history":[{"count":1,"href":"https:\/\/blogdoedvaldomagalhaes.com.br\/index.php\/wp-json\/wp\/v2\/posts\/111775\/revisions"}],"predecessor-version":[{"id":111778,"href":"https:\/\/blogdoedvaldomagalhaes.com.br\/index.php\/wp-json\/wp\/v2\/posts\/111775\/revisions\/111778"}],"wp:featuredmedia":[{"embeddable":true,"href":"https:\/\/blogdoedvaldomagalhaes.com.br\/index.php\/wp-json\/wp\/v2\/media\/111777"}],"wp:attachment":[{"href":"https:\/\/blogdoedvaldomagalhaes.com.br\/index.php\/wp-json\/wp\/v2\/media?parent=111775"}],"wp:term":[{"taxonomy":"category","embeddable":true,"href":"https:\/\/blogdoedvaldomagalhaes.com.br\/index.php\/wp-json\/wp\/v2\/categories?post=111775"},{"taxonomy":"post_tag","embeddable":true,"href":"https:\/\/blogdoedvaldomagalhaes.com.br\/index.php\/wp-json\/wp\/v2\/tags?post=111775"}],"curies":[{"name":"wp","href":"https:\/\/api.w.org\/{rel}","templated":true}]}}