{"id":111772,"date":"2024-08-23T22:17:02","date_gmt":"2024-08-24T01:17:02","guid":{"rendered":"https:\/\/blogdoedvaldomagalhaes.com.br\/?p=111772"},"modified":"2024-08-23T22:17:02","modified_gmt":"2024-08-24T01:17:02","slug":"hugo-leonardo-chaves-lanca-candidatura-a-vereador-por-caruaru","status":"publish","type":"post","link":"https:\/\/blogdoedvaldomagalhaes.com.br\/index.php\/2024\/08\/23\/hugo-leonardo-chaves-lanca-candidatura-a-vereador-por-caruaru\/","title":{"rendered":"Hugo Leonardo Chaves lan\u00e7a candidatura a vereador por Caruaru"},"content":{"rendered":"<p>Na noite da ter\u00e7a-feira (20.08), aconteceu o lan\u00e7amento da candidatura a vereador @hugolchavess O evento foi realizado no bairro Indian\u00e1polis, na frente da resid\u00eancia do atual vereador Leonardo Chaves, pai de Hugo, com as presen\u00e7as do prefeito e candidato a reelei\u00e7\u00e3o Rodrigo Pinheiro, candidata a vice-prefeita Dayse Silva, presidente municipal do Podemos Anderson Correia, al\u00e9m de v\u00e1rias lideran\u00e7as do munic\u00edpio. Hugo se mostrou muito animado e confiante em dar continuidade ao legado que ser\u00e1 deixado pelo pai na C\u00e2mara Municipal de Caruaru.<\/p>\n<p>Clique em seguir o Instagram do Blog para poder comentar @blogdoedvaldomagalhaes<\/p>\n","protected":false},"excerpt":{"rendered":"<p>Na noite da ter\u00e7a-feira (20.08), aconteceu o lan\u00e7amento da candidatura a vereador @hugolchavess O evento foi realizado no bairro Indian\u00e1polis,&hellip;<\/p>\n","protected":false},"author":1,"featured_media":111773,"comment_status":"closed","ping_status":"open","sticky":false,"template":"","format":"standard","meta":{"footnotes":""},"categories":[14122],"tags":[28803,27410,2,28801,19613,20],"class_list":["post-111772","post","type-post","status-publish","format-standard","has-post-thumbnail","hentry","category-politica","tag-blog-com-mais-visualizacoes","tag-blog-de-caruaru","tag-blog-do-edvaldo-magalhaes","tag-blog-mais-acessado","tag-eleicoes","tag-politica"],"_links":{"self":[{"href":"https:\/\/blogdoedvaldomagalhaes.com.br\/index.php\/wp-json\/wp\/v2\/posts\/111772","targetHints":{"allow":["GET"]}}],"collection":[{"href":"https:\/\/blogdoedvaldomagalhaes.com.br\/index.php\/wp-json\/wp\/v2\/posts"}],"about":[{"href":"https:\/\/blogdoedvaldomagalhaes.com.br\/index.php\/wp-json\/wp\/v2\/types\/post"}],"author":[{"embeddable":true,"href":"https:\/\/blogdoedvaldomagalhaes.com.br\/index.php\/wp-json\/wp\/v2\/users\/1"}],"replies":[{"embeddable":true,"href":"https:\/\/blogdoedvaldomagalhaes.com.br\/index.php\/wp-json\/wp\/v2\/comments?post=111772"}],"version-history":[{"count":1,"href":"https:\/\/blogdoedvaldomagalhaes.com.br\/index.php\/wp-json\/wp\/v2\/posts\/111772\/revisions"}],"predecessor-version":[{"id":111774,"href":"https:\/\/blogdoedvaldomagalhaes.com.br\/index.php\/wp-json\/wp\/v2\/posts\/111772\/revisions\/111774"}],"wp:featuredmedia":[{"embeddable":true,"href":"https:\/\/blogdoedvaldomagalhaes.com.br\/index.php\/wp-json\/wp\/v2\/media\/111773"}],"wp:attachment":[{"href":"https:\/\/blogdoedvaldomagalhaes.com.br\/index.php\/wp-json\/wp\/v2\/media?parent=111772"}],"wp:term":[{"taxonomy":"category","embeddable":true,"href":"https:\/\/blogdoedvaldomagalhaes.com.br\/index.php\/wp-json\/wp\/v2\/categories?post=111772"},{"taxonomy":"post_tag","embeddable":true,"href":"https:\/\/blogdoedvaldomagalhaes.com.br\/index.php\/wp-json\/wp\/v2\/tags?post=111772"}],"curies":[{"name":"wp","href":"https:\/\/api.w.org\/{rel}","templated":true}]}}