{"id":111767,"date":"2024-08-23T18:39:51","date_gmt":"2024-08-23T21:39:51","guid":{"rendered":"https:\/\/blogdoedvaldomagalhaes.com.br\/?p=111767"},"modified":"2024-08-23T18:42:10","modified_gmt":"2024-08-23T21:42:10","slug":"governadora-raquel-lyra-vistoria-obras-do-hospital-da-mulher-do-agreste-e-adutora-do-agreste-em-caruaru","status":"publish","type":"post","link":"https:\/\/blogdoedvaldomagalhaes.com.br\/index.php\/2024\/08\/23\/governadora-raquel-lyra-vistoria-obras-do-hospital-da-mulher-do-agreste-e-adutora-do-agreste-em-caruaru\/","title":{"rendered":"Governadora Raquel Lyra vistoria obras do Hospital da Mulher do Agreste e Adutora do Agreste, em Caruaru"},"content":{"rendered":"<p><span style=\"font-size: revert\">Primeira maternidade de alto risco que ser\u00e1 entregue pela atual gest\u00e3o estadual, o Hospital da Mulher do Agreste, em Caruaru, foi vistoriado pela governadora Raquel Lyra nesta sexta-feira (23). As obras est\u00e3o em fase de conclus\u00e3o para entrega \u00e0 popula\u00e7\u00e3o da regi\u00e3o, e no momento faltam apenas interven\u00e7\u00f5es de equipagem e coloca\u00e7\u00e3o de mobili\u00e1rio. A unidade de sa\u00fade est\u00e1 dividida em oito blocos e ter\u00e1 capacidade de realizar 700 partos por m\u00eas. A obra estrutural j\u00e1 foi conclu\u00edda e o hospital ser\u00e1 entregue at\u00e9 o final deste ano.<\/span><\/p>\n<p>A governadora visitou as instala\u00e7\u00f5es de 13 mil metros quadrados e registrou que a unidade ir\u00e1 melhorar a qualidade de vida da popula\u00e7\u00e3o. \u201cO Hospital da Mulher do Agreste representa um ganho para toda a regi\u00e3o. Toda a parte de infraestrutura j\u00e1 est\u00e1 pronta e grande parte dos equipamentos j\u00e1 chegou. As m\u00e3es que t\u00eam seus filhos precisam viajar para outras cidades quando precisam de suporte da UTI neonatal e, no fim do ano, quando esse espa\u00e7o for inaugurado, a popula\u00e7\u00e3o do Agreste ser\u00e1 cuidada mais perto da sua casa. Essa ser\u00e1 a primeira maternidade a ser inaugurada das cinco que ser\u00e3o entregues pelo Governo do Estado para melhorar a qualidade de vida da popula\u00e7\u00e3o, sobretudo das mulheres pernambucanas\u201d, ressaltou.<\/p>\n<p>O servi\u00e7o de sa\u00fade ir\u00e1 integrar a rede estadual com atendimento especializado e contar\u00e1 com 190 leitos. Ainda ser\u00e3o disponibilizados setores como Unidades de Cuidados Intermedi\u00e1rios (UCI) Neonatal e Canguru, Terapia Intensiva Neonatal e Adulto, Centro de Parto Normal e Banco de Leite Humano. J\u00e1 no setor de ambulat\u00f3rio, a unidade ir\u00e1 ofertar consultas em 19 especialidades m\u00e9dicas e n\u00e3o-m\u00e9dicas, al\u00e9m de um servi\u00e7o especializado para o atendimento \u00e0s pessoas v\u00edtimas de viol\u00eancia.<\/p>\n<p>A unidade de Caruaru faz parte dos cinco servi\u00e7os anunciados pelo Governo de Pernambuco com foco na assist\u00eancia materno-infantil, que ainda contemplar\u00e1 as cidades de Garanhuns, no Agreste Meridional, Ouricuri e Serra Talhada, no Sert\u00e3o, e Igarassu, na Regi\u00e3o Metropolitana.<\/p>\n<p>\u201cMais de 30 munic\u00edpios na regi\u00e3o ser\u00e3o beneficiados com essa unidade, aumentando muito a capacidade que j\u00e1 existe hoje. Duplicando a capacidade cir\u00fargica, oferecendo para a regi\u00e3o necessidades antigas, como UTI materna, UTI neonatal e diversas especialidades na \u00e1rea de sa\u00fade da mulher\u201d, afirmou a secret\u00e1ria de Sa\u00fade, Zilda Cavalcanti.<\/p>\n<p>Para a conclus\u00e3o das obras, iniciadas h\u00e1 mais de 10 anos e sem conclus\u00e3o, foram investidos, pela gest\u00e3o atual, R$ 67 milh\u00f5es a partir de 2023. Tamb\u00e9m foi necess\u00e1rio realizar a revis\u00e3o de quest\u00f5es estruturais e assistenciais previstas no come\u00e7o. Com essas revis\u00f5es, foi poss\u00edvel dar maior celeridade para o projeto, que possui entrega prevista para ainda este ano. O hospital faz parte das iniciativas de descentraliza\u00e7\u00e3o do acesso aos servi\u00e7os de sa\u00fade para os usu\u00e1rios do Sistema \u00danico de Sa\u00fade (SUS) em Pernambuco.<\/p>\n<p>Participaram da vistoria os secret\u00e1rios Herc\u00edlio Mamede (Casa Militar), Eduardo Vieira (Gabinete da Governadora), al\u00e9m da executiva de Sa\u00fade, Domany Cavalcanti, e o presidente da Ag\u00eancia de Desenvolvimento Econ\u00f4mico de Pernambuco (Adepe), Andr\u00e9 Teixeira Filho.<\/p>\n<p><img loading=\"lazy\" decoding=\"async\" src=\"https:\/\/blogdoedvaldomagalhaes.com.br\/wp-content\/uploads\/2024\/08\/e2138ce1-958d-4c97-a599-90687509962c-1.jpg\" class=\"size-full wp-image-111770\" width=\"1600\" height=\"1066\" srcset=\"https:\/\/blogdoedvaldomagalhaes.com.br\/wp-content\/uploads\/2024\/08\/e2138ce1-958d-4c97-a599-90687509962c-1.jpg 1600w, https:\/\/blogdoedvaldomagalhaes.com.br\/wp-content\/uploads\/2024\/08\/e2138ce1-958d-4c97-a599-90687509962c-1-300x200.jpg 300w, https:\/\/blogdoedvaldomagalhaes.com.br\/wp-content\/uploads\/2024\/08\/e2138ce1-958d-4c97-a599-90687509962c-1-1024x682.jpg 1024w, https:\/\/blogdoedvaldomagalhaes.com.br\/wp-content\/uploads\/2024\/08\/e2138ce1-958d-4c97-a599-90687509962c-1-768x512.jpg 768w, https:\/\/blogdoedvaldomagalhaes.com.br\/wp-content\/uploads\/2024\/08\/e2138ce1-958d-4c97-a599-90687509962c-1-1536x1023.jpg 1536w\" sizes=\"auto, (max-width: 1600px) 100vw, 1600px\" \/><\/p>\n<p>Dando continuidade aos compromissos no munic\u00edpio de Caruaru, nesta sexta-feira (23), a governadora Raquel Lyra acompanhou o andamento das obras da Adutora do Agreste. Com a interven\u00e7\u00e3o, at\u00e9 janeiro de 2025, a cidade ter\u00e1 mais 400 litros de \u00e1gua por segundo do Rio S\u00e3o Francisco atrav\u00e9s da Adutora. Essa vaz\u00e3o vai se somar aos 200 litros de \u00e1gua por segundo j\u00e1 distribu\u00eddos \u00e0 popula\u00e7\u00e3o de Caruaru desde janeiro deste ano.<\/p>\n<p>\u201cN\u00f3s estamos trabalhando intensamente nas obras da Adutora do Agreste. Temos o apoio do Governo Federal, e o presidente Lula garantiu essas obras contempladas no Programa de Acelera\u00e7\u00e3o Crescimento (PAC). Quando as \u00e1guas chegarem na ETA [Esta\u00e7\u00e3o de Tratamento de \u00c1gua] Salgado, teremos um aumento de 50% na produ\u00e7\u00e3o de \u00e1gua em Caruaru. Al\u00e9m disso, vamos garantir que a gente possa tratar mais \u00e1gua para levar \u00e0s cidades de Bezerros e Gravat\u00e1. Ent\u00e3o \u00e9 trabalho chegando na vida da popula\u00e7\u00e3o\u201d, ressaltou Raquel Lyra.<\/p>\n<p>S\u00e3o duas obras em execu\u00e7\u00e3o pela Compesa na cidade que v\u00e3o proporcionar esse incremento de mais 400 litros de \u00e1gua por segundo: o Lote 5B da Adutora do Agreste e a ETA no bairro Bela Vista. A primeira corresponde ao trecho de Caruaru\/Bezerros\/Gravat\u00e1. Ela foi iniciada em janeiro deste ano e est\u00e1 recebendo um investimento de R$ 92 milh\u00f5es para beneficiar, em abril do pr\u00f3ximo ano, mais de 500 mil pessoas nessas tr\u00eas cidades com 200 litros por segundo. Entretanto, o trecho de Caruaru j\u00e1 entrar\u00e1 em opera\u00e7\u00e3o em janeiro, dando in\u00edcio \u00e0 funcionalidade desta etapa da Adutora do Agreste.<\/p>\n<p>S\u00e3o 1.223 metros a serem assentados nesse contrato em Caruaru, dos quais 960 metros correspondem \u00e0 subida para a ETA Salgado. Neste momento, a obra est\u00e1 na Rua Goi\u00e1s, no bairro Cidade Jardim e, para seguir o tra\u00e7ado pela rua Jos\u00e9 Vieira de Lima (subida da ETA Salgado), ser\u00e1 necess\u00e1rio realocar duas fam\u00edlias residentes nessa via. A previs\u00e3o \u00e9 que, at\u00e9 o final da pr\u00f3xima semana, essa parte j\u00e1 esteja resolvida e seja poss\u00edvel dar continuidade aos servi\u00e7os.<\/p>\n<p>Para o presidente da Compesa, Alex Campos, a interven\u00e7\u00e3o contribui para diminuir o rod\u00edzio no munic\u00edpio. \u201cPara esta obra da Adutora do Agreste, sai uma tubula\u00e7\u00e3o do eixo principal da Adutora pela BR-232 e essa tubula\u00e7\u00e3o vai at\u00e9 a ETA Salgado. Isso vai levar no total 600 litros de \u00e1gua por segundo para a Esta\u00e7\u00e3o Salgado, que \u00e9 a principal esta\u00e7\u00e3o de tratamento de Caruaru, permitindo que a cidade sonhe no futuro com o fim do rod\u00edzio. As obras est\u00e3o em ritmo acelerado, com v\u00e1rias frentes de servi\u00e7o, para que a gente possa levar mais \u00e1guas do Rio S\u00e3o Francisco para Caruaru\u201d, explicou.<\/p>\n<p>Outra interven\u00e7\u00e3o em execu\u00e7\u00e3o na cidade \u00e9 a instala\u00e7\u00e3o de uma nova ETA com vaz\u00e3o de 200 litros de \u00e1gua por segundo, localizada no bairro Bela Vista. A unidade receber\u00e1 investimentos de R$ 4,4 milh\u00f5es e beneficiar\u00e1 os bairros Cidade Alta, Adalgiza Nunes, Wirton Lira, Agamenon e Encanto da Serra, permitindo a elimina\u00e7\u00e3o do rod\u00edzio, e ainda refor\u00e7ar\u00e1 o abastecimento dos bairros Vassoural, Santa Rosa e Petr\u00f3polis.<\/p>\n<p>Estiveram presentes os secret\u00e1rios Herc\u00edlio Mamede (Casa Militar), Eduardo Vieira (Gabinete da Governadora) e o presidente da Ag\u00eancia de Desenvolvimento Econ\u00f4mico de Pernambuco (Adepe), Andr\u00e9 Teixeira. Fotos: Miva Filho\/Secom<\/p>\n<p>Seja seguidor do Instagram do Blog @blogdoedvaldomagalhaes<\/p>\n","protected":false},"excerpt":{"rendered":"<p>Primeira maternidade de alto risco que ser\u00e1 entregue pela atual gest\u00e3o estadual, o Hospital da Mulher do Agreste, em Caruaru,&hellip;<\/p>\n","protected":false},"author":1,"featured_media":111768,"comment_status":"closed","ping_status":"open","sticky":false,"template":"","format":"standard","meta":{"footnotes":""},"categories":[14122],"tags":[30592,28803,27410,2,28801,20],"class_list":["post-111767","post","type-post","status-publish","format-standard","has-post-thumbnail","hentry","category-politica","tag-blog-com-mais-seguidores","tag-blog-com-mais-visualizacoes","tag-blog-de-caruaru","tag-blog-do-edvaldo-magalhaes","tag-blog-mais-acessado","tag-politica"],"_links":{"self":[{"href":"https:\/\/blogdoedvaldomagalhaes.com.br\/index.php\/wp-json\/wp\/v2\/posts\/111767","targetHints":{"allow":["GET"]}}],"collection":[{"href":"https:\/\/blogdoedvaldomagalhaes.com.br\/index.php\/wp-json\/wp\/v2\/posts"}],"about":[{"href":"https:\/\/blogdoedvaldomagalhaes.com.br\/index.php\/wp-json\/wp\/v2\/types\/post"}],"author":[{"embeddable":true,"href":"https:\/\/blogdoedvaldomagalhaes.com.br\/index.php\/wp-json\/wp\/v2\/users\/1"}],"replies":[{"embeddable":true,"href":"https:\/\/blogdoedvaldomagalhaes.com.br\/index.php\/wp-json\/wp\/v2\/comments?post=111767"}],"version-history":[{"count":2,"href":"https:\/\/blogdoedvaldomagalhaes.com.br\/index.php\/wp-json\/wp\/v2\/posts\/111767\/revisions"}],"predecessor-version":[{"id":111771,"href":"https:\/\/blogdoedvaldomagalhaes.com.br\/index.php\/wp-json\/wp\/v2\/posts\/111767\/revisions\/111771"}],"wp:featuredmedia":[{"embeddable":true,"href":"https:\/\/blogdoedvaldomagalhaes.com.br\/index.php\/wp-json\/wp\/v2\/media\/111768"}],"wp:attachment":[{"href":"https:\/\/blogdoedvaldomagalhaes.com.br\/index.php\/wp-json\/wp\/v2\/media?parent=111767"}],"wp:term":[{"taxonomy":"category","embeddable":true,"href":"https:\/\/blogdoedvaldomagalhaes.com.br\/index.php\/wp-json\/wp\/v2\/categories?post=111767"},{"taxonomy":"post_tag","embeddable":true,"href":"https:\/\/blogdoedvaldomagalhaes.com.br\/index.php\/wp-json\/wp\/v2\/tags?post=111767"}],"curies":[{"name":"wp","href":"https:\/\/api.w.org\/{rel}","templated":true}]}}