{"id":111758,"date":"2024-08-23T17:12:52","date_gmt":"2024-08-23T20:12:52","guid":{"rendered":"https:\/\/blogdoedvaldomagalhaes.com.br\/?p=111758"},"modified":"2024-08-23T18:33:47","modified_gmt":"2024-08-23T21:33:47","slug":"ex-presidiario-assassinado-a-tiros-na-zona-rural-de-caruaru-2","status":"publish","type":"post","link":"https:\/\/blogdoedvaldomagalhaes.com.br\/index.php\/2024\/08\/23\/ex-presidiario-assassinado-a-tiros-na-zona-rural-de-caruaru-2\/","title":{"rendered":"Ex-presidi\u00e1rio assassinado a tiros na zona rural de Caruaru"},"content":{"rendered":"<p>Um homic\u00eddio foi registrado na tarde desta sexta-feira (23.08), na Vila Barra de Taquara de Cima, na Zona Rural de Caruaru. A v\u00edtima foi o ex-presidi\u00e1rio Dielson Lopes de Miranda, 29 anos de idade, morava no bairro S\u00e3o Francisco, teve v\u00e1rias passagens pelo sistema prisional e usava tornozeleira eletr\u00f4nica, e respondia em liberdade. O corpo foi encaminhado para o IML de Caruaru.<\/p>\n<p>Este foi o 6\u00b0 homic\u00eddio no m\u00eas de agosto, e o 82\u00b0 no ano de 2024, em Caruaru.<\/p>\n<p><img loading=\"lazy\" decoding=\"async\" src=\"https:\/\/blogdoedvaldomagalhaes.com.br\/wp-content\/uploads\/2024\/08\/img-20240823-wa02937656653490857469532.jpg\" class=\"wp-image-111765 alignnone size-full\" width=\"482\" height=\"670\" srcset=\"https:\/\/blogdoedvaldomagalhaes.com.br\/wp-content\/uploads\/2024\/08\/img-20240823-wa02937656653490857469532.jpg 482w, https:\/\/blogdoedvaldomagalhaes.com.br\/wp-content\/uploads\/2024\/08\/img-20240823-wa02937656653490857469532-216x300.jpg 216w\" sizes=\"auto, (max-width: 482px) 100vw, 482px\" \/><\/p>\n<p>Foto: Dielson Lopes<\/p>\n","protected":false},"excerpt":{"rendered":"<p>Um homic\u00eddio foi registrado na tarde desta sexta-feira (23.08), na Vila Barra de Taquara de Cima, na Zona Rural de&hellip;<\/p>\n","protected":false},"author":1,"featured_media":111759,"comment_status":"closed","ping_status":"open","sticky":false,"template":"","format":"standard","meta":{"footnotes":""},"categories":[14120],"tags":[28803,27410,13146,28801,14183,5448],"class_list":["post-111758","post","type-post","status-publish","format-standard","has-post-thumbnail","hentry","category-noticias","tag-blog-com-mais-visualizacoes","tag-blog-de-caruaru","tag-blog-edvaldo-magalhaes","tag-blog-mais-acessado","tag-homem-assassinado-a-tiros-na-zona-rural-de-caruaru","tag-homicidio"],"_links":{"self":[{"href":"https:\/\/blogdoedvaldomagalhaes.com.br\/index.php\/wp-json\/wp\/v2\/posts\/111758","targetHints":{"allow":["GET"]}}],"collection":[{"href":"https:\/\/blogdoedvaldomagalhaes.com.br\/index.php\/wp-json\/wp\/v2\/posts"}],"about":[{"href":"https:\/\/blogdoedvaldomagalhaes.com.br\/index.php\/wp-json\/wp\/v2\/types\/post"}],"author":[{"embeddable":true,"href":"https:\/\/blogdoedvaldomagalhaes.com.br\/index.php\/wp-json\/wp\/v2\/users\/1"}],"replies":[{"embeddable":true,"href":"https:\/\/blogdoedvaldomagalhaes.com.br\/index.php\/wp-json\/wp\/v2\/comments?post=111758"}],"version-history":[{"count":4,"href":"https:\/\/blogdoedvaldomagalhaes.com.br\/index.php\/wp-json\/wp\/v2\/posts\/111758\/revisions"}],"predecessor-version":[{"id":111766,"href":"https:\/\/blogdoedvaldomagalhaes.com.br\/index.php\/wp-json\/wp\/v2\/posts\/111758\/revisions\/111766"}],"wp:featuredmedia":[{"embeddable":true,"href":"https:\/\/blogdoedvaldomagalhaes.com.br\/index.php\/wp-json\/wp\/v2\/media\/111759"}],"wp:attachment":[{"href":"https:\/\/blogdoedvaldomagalhaes.com.br\/index.php\/wp-json\/wp\/v2\/media?parent=111758"}],"wp:term":[{"taxonomy":"category","embeddable":true,"href":"https:\/\/blogdoedvaldomagalhaes.com.br\/index.php\/wp-json\/wp\/v2\/categories?post=111758"},{"taxonomy":"post_tag","embeddable":true,"href":"https:\/\/blogdoedvaldomagalhaes.com.br\/index.php\/wp-json\/wp\/v2\/tags?post=111758"}],"curies":[{"name":"wp","href":"https:\/\/api.w.org\/{rel}","templated":true}]}}