{"id":111755,"date":"2024-08-23T14:36:10","date_gmt":"2024-08-23T17:36:10","guid":{"rendered":"https:\/\/blogdoedvaldomagalhaes.com.br\/?p=111755"},"modified":"2024-08-23T14:36:10","modified_gmt":"2024-08-23T17:36:10","slug":"caruaru-ganha-novos-onibus-para-reforcar-a-frota-escolar-do-municipio","status":"publish","type":"post","link":"https:\/\/blogdoedvaldomagalhaes.com.br\/index.php\/2024\/08\/23\/caruaru-ganha-novos-onibus-para-reforcar-a-frota-escolar-do-municipio\/","title":{"rendered":"Caruaru ganha novos \u00f4nibus para refor\u00e7ar a frota escolar do munic\u00edpio"},"content":{"rendered":"<p>_A renova\u00e7\u00e3o da frota garante mais qualidade na educa\u00e7\u00e3o e seguran\u00e7a para os alunos_<\/p>\n<p>A Prefeitura de Caruaru, por meio da Secretaria de Educa\u00e7\u00e3o e Esportes (Seduc), celebrou a Semana do Estudante com mais um importante avan\u00e7o na \u00e1rea da educa\u00e7\u00e3o: a chegada de cinco novos \u00f4nibus escolares, que ir\u00e3o refor\u00e7ar a frota do transporte escolar no munic\u00edpio.<\/p>\n<p>Esta conquista marca mais um passo no compromisso da gest\u00e3o municipal com a qualidade da educa\u00e7\u00e3o e com a seguran\u00e7a dos estudantes. Todos os \u00f4nibus entregues possuem aparelhos de ar-condicionado e rampa de acessibilidade, permitindo o acesso ao interior do transporte para estudantes com defici\u00eancia ou mobilidade reduzida. Dos cinco ve\u00edculos, quatro foram adquiridos com recursos pr\u00f3prios da administra\u00e7\u00e3o municipal, demonstrando o empenho da gest\u00e3o em investir diretamente na melhoria do transporte escolar.<\/p>\n<p>Al\u00e9m disso, um dos \u00f4nibus foi adquirido atrav\u00e9s do Plano de A\u00e7\u00f5es Articuladas (PAR), um programa federal que visa apoiar os munic\u00edpios na implementa\u00e7\u00e3o de pol\u00edticas educacionais estrat\u00e9gicas. Outro ponto de destaque \u00e9 a previs\u00e3o de chegada de mais um \u00f4nibus, que ser\u00e1 adquirido por meio do Novo Programa de Acelera\u00e7\u00e3o do Crescimento (Novo PAC), com contrapartida do munic\u00edpio. Este ve\u00edculo, que est\u00e1 em fase final de entrega, \u00e9 aguardado com grande expectativa e ser\u00e1 um importante refor\u00e7o para a rede municipal.<\/p>\n<p>Para o secret\u00e1rio da Seduc, Kaio Cola\u00e7o, os novos ve\u00edculos chegam em boa hora para refor\u00e7ar a frota escolar do munic\u00edpio. \u201cQuando pensamos em educa\u00e7\u00e3o de qualidade, pensamos desde o transporte at\u00e9 a pedagogia do ensino. Nossa meta \u00e9 seguir avan\u00e7ando e melhorando a educa\u00e7\u00e3o em Caruaru\u201d, destacou.<\/p>\n<p>\u201cA renova\u00e7\u00e3o da frota escolar \u00e9 uma a\u00e7\u00e3o estrat\u00e9gica que visa garantir n\u00e3o apenas o acesso dos estudantes \u00e0 escola, mas tamb\u00e9m a qualidade e a seguran\u00e7a do transporte oferecido. Com os novos \u00f4nibus, a gest\u00e3o espera reduzir os custos de manuten\u00e7\u00e3o, melhorar a efici\u00eancia dos servi\u00e7os e, principalmente, assegurar que mais estudantes sejam atendidos\u201d, complementou o secret\u00e1rio. Foto: Felipe Correia<br \/>\nSeja seguidor do Instagram do Blog @blogdoedvaldomagalhaes<\/p>\n","protected":false},"excerpt":{"rendered":"<p>_A renova\u00e7\u00e3o da frota garante mais qualidade na educa\u00e7\u00e3o e seguran\u00e7a para os alunos_ A Prefeitura de Caruaru, por meio&hellip;<\/p>\n","protected":false},"author":1,"featured_media":111756,"comment_status":"closed","ping_status":"open","sticky":false,"template":"","format":"standard","meta":{"footnotes":""},"categories":[14120],"tags":[28803,27410,2,28801,31430],"class_list":["post-111755","post","type-post","status-publish","format-standard","has-post-thumbnail","hentry","category-noticias","tag-blog-com-mais-visualizacoes","tag-blog-de-caruaru","tag-blog-do-edvaldo-magalhaes","tag-blog-mais-acessado","tag-caruaru-ganha-novos-onibus-para-reforcar-a-frota-escolar-do-municipio"],"_links":{"self":[{"href":"https:\/\/blogdoedvaldomagalhaes.com.br\/index.php\/wp-json\/wp\/v2\/posts\/111755","targetHints":{"allow":["GET"]}}],"collection":[{"href":"https:\/\/blogdoedvaldomagalhaes.com.br\/index.php\/wp-json\/wp\/v2\/posts"}],"about":[{"href":"https:\/\/blogdoedvaldomagalhaes.com.br\/index.php\/wp-json\/wp\/v2\/types\/post"}],"author":[{"embeddable":true,"href":"https:\/\/blogdoedvaldomagalhaes.com.br\/index.php\/wp-json\/wp\/v2\/users\/1"}],"replies":[{"embeddable":true,"href":"https:\/\/blogdoedvaldomagalhaes.com.br\/index.php\/wp-json\/wp\/v2\/comments?post=111755"}],"version-history":[{"count":1,"href":"https:\/\/blogdoedvaldomagalhaes.com.br\/index.php\/wp-json\/wp\/v2\/posts\/111755\/revisions"}],"predecessor-version":[{"id":111757,"href":"https:\/\/blogdoedvaldomagalhaes.com.br\/index.php\/wp-json\/wp\/v2\/posts\/111755\/revisions\/111757"}],"wp:featuredmedia":[{"embeddable":true,"href":"https:\/\/blogdoedvaldomagalhaes.com.br\/index.php\/wp-json\/wp\/v2\/media\/111756"}],"wp:attachment":[{"href":"https:\/\/blogdoedvaldomagalhaes.com.br\/index.php\/wp-json\/wp\/v2\/media?parent=111755"}],"wp:term":[{"taxonomy":"category","embeddable":true,"href":"https:\/\/blogdoedvaldomagalhaes.com.br\/index.php\/wp-json\/wp\/v2\/categories?post=111755"},{"taxonomy":"post_tag","embeddable":true,"href":"https:\/\/blogdoedvaldomagalhaes.com.br\/index.php\/wp-json\/wp\/v2\/tags?post=111755"}],"curies":[{"name":"wp","href":"https:\/\/api.w.org\/{rel}","templated":true}]}}