{"id":111746,"date":"2024-08-23T12:21:03","date_gmt":"2024-08-23T15:21:03","guid":{"rendered":"https:\/\/blogdoedvaldomagalhaes.com.br\/?p=111746"},"modified":"2024-08-23T12:21:03","modified_gmt":"2024-08-23T15:21:03","slug":"presidiario-e-detido-pela-prf-apos-invadir-residencia-e-fazer-familia-refem","status":"publish","type":"post","link":"https:\/\/blogdoedvaldomagalhaes.com.br\/index.php\/2024\/08\/23\/presidiario-e-detido-pela-prf-apos-invadir-residencia-e-fazer-familia-refem\/","title":{"rendered":"Presidi\u00e1rio \u00e9 detido pela PRF ap\u00f3s invadir resid\u00eancia e fazer fam\u00edlia  ref\u00e9m"},"content":{"rendered":"<p>Um homem de 31 anos fugiu da pris\u00e3o no munic\u00edpio de Canhotinho, no Agreste de Pernambuco, e foi detido pela Pol\u00edcia Rodovi\u00e1ria Federal (PRF) na manh\u00e3 desta sexta-feira (23), na BR-232, em Jaboat\u00e3o dos Guararapes. O fugitivo invadiu uma resid\u00eancia e fez uma fam\u00edlia ref\u00e9m antes da tentativa de fuga. <\/p>\n<p>Ap\u00f3s receber informa\u00e7\u00f5es de um policial militar de que o dono de uma casa havia sido sequestrado, a equipe foi acionada pela Central da PRF para interceptar um carro que seguia em dire\u00e7\u00e3o ao Grande Recife. Ao avistar o ve\u00edculo suspeito, a equipe deu ordem de parada e o passageiro correu para um matagal, sendo alcan\u00e7ado logo em seguida.<\/p>\n<p>O suspeito havia sido preso por roubo e tr\u00e1fico de drogas, fugiu da pris\u00e3o de Canhotinho no dia anterior, e na madrugada de hoje invadiu uma resid\u00eancia, fazendo toda a fam\u00edlia ref\u00e9m com um fac\u00e3o. Ele roubou celulares, rel\u00f3gios, roupas, um computador, uma bicicleta  e cerca de R$1,5 mil.<\/p>\n<p>O ve\u00edculo da fam\u00edlia e todos os bens foram recuperados.  O homem \u00e9 suspeito de ter cometido dois roubos da mesma maneira no per\u00edodo em que havia fugido da pris\u00e3o. <\/p>\n<p>O fugitivo foi encaminhado para a Delegacia de Pol\u00edcia Civil de Prazeres. Foto: Divulga\u00e7\u00e3o\/PRF<br \/>\nSeja seguidor do Instagram do Blog @blogdoedvaldomagalhaes<\/p>\n","protected":false},"excerpt":{"rendered":"<p>Um homem de 31 anos fugiu da pris\u00e3o no munic\u00edpio de Canhotinho, no Agreste de Pernambuco, e foi detido pela&hellip;<\/p>\n","protected":false},"author":1,"featured_media":111747,"comment_status":"closed","ping_status":"open","sticky":false,"template":"","format":"standard","meta":{"footnotes":""},"categories":[14121],"tags":[28803,27410,2,28801,31428],"class_list":["post-111746","post","type-post","status-publish","format-standard","has-post-thumbnail","hentry","category-policial","tag-blog-com-mais-visualizacoes","tag-blog-de-caruaru","tag-blog-do-edvaldo-magalhaes","tag-blog-mais-acessado","tag-presidiario-e-detido-pela-prf-apos-invadir-residencia-e-fazer-familia-refem-em-canhotinho"],"_links":{"self":[{"href":"https:\/\/blogdoedvaldomagalhaes.com.br\/index.php\/wp-json\/wp\/v2\/posts\/111746","targetHints":{"allow":["GET"]}}],"collection":[{"href":"https:\/\/blogdoedvaldomagalhaes.com.br\/index.php\/wp-json\/wp\/v2\/posts"}],"about":[{"href":"https:\/\/blogdoedvaldomagalhaes.com.br\/index.php\/wp-json\/wp\/v2\/types\/post"}],"author":[{"embeddable":true,"href":"https:\/\/blogdoedvaldomagalhaes.com.br\/index.php\/wp-json\/wp\/v2\/users\/1"}],"replies":[{"embeddable":true,"href":"https:\/\/blogdoedvaldomagalhaes.com.br\/index.php\/wp-json\/wp\/v2\/comments?post=111746"}],"version-history":[{"count":1,"href":"https:\/\/blogdoedvaldomagalhaes.com.br\/index.php\/wp-json\/wp\/v2\/posts\/111746\/revisions"}],"predecessor-version":[{"id":111748,"href":"https:\/\/blogdoedvaldomagalhaes.com.br\/index.php\/wp-json\/wp\/v2\/posts\/111746\/revisions\/111748"}],"wp:featuredmedia":[{"embeddable":true,"href":"https:\/\/blogdoedvaldomagalhaes.com.br\/index.php\/wp-json\/wp\/v2\/media\/111747"}],"wp:attachment":[{"href":"https:\/\/blogdoedvaldomagalhaes.com.br\/index.php\/wp-json\/wp\/v2\/media?parent=111746"}],"wp:term":[{"taxonomy":"category","embeddable":true,"href":"https:\/\/blogdoedvaldomagalhaes.com.br\/index.php\/wp-json\/wp\/v2\/categories?post=111746"},{"taxonomy":"post_tag","embeddable":true,"href":"https:\/\/blogdoedvaldomagalhaes.com.br\/index.php\/wp-json\/wp\/v2\/tags?post=111746"}],"curies":[{"name":"wp","href":"https:\/\/api.w.org\/{rel}","templated":true}]}}