{"id":111546,"date":"2024-08-17T17:27:47","date_gmt":"2024-08-17T20:27:47","guid":{"rendered":"https:\/\/blogdoedvaldomagalhaes.com.br\/?p=111546"},"modified":"2024-08-17T17:27:47","modified_gmt":"2024-08-17T20:27:47","slug":"e-preciso-tratar-o-feirante-com-respeito-e-dignidade-declara-ze-queiroz","status":"publish","type":"post","link":"https:\/\/blogdoedvaldomagalhaes.com.br\/index.php\/2024\/08\/17\/e-preciso-tratar-o-feirante-com-respeito-e-dignidade-declara-ze-queiroz\/","title":{"rendered":"\u201c\u00c9 preciso tratar o feirante com respeito e dignidade\u201d, declara Z\u00e9 Queiroz"},"content":{"rendered":"<p>A agenda de campanha de Z\u00e9 Queiroz (PDT), neste s\u00e1bado (17), come\u00e7ou na rua, em contato com o povo. O local escolhido foi a tradicional Feira do Salgado. Durante a visita, Queiroz destacou a alegria com que foi recebido pelos caruaruenses que ocupam aquele espa\u00e7o para comprar e vender. \u201cAs pessoas sabem que o nosso time est\u00e1 pronto para fazer muito mais por Caruaru e entregar o que elas esperam\u201d. <\/p>\n<p>Ao lado do vice, Tonynho Rodrigues (MDB), Z\u00e9 Queiroz ouviu reclama\u00e7\u00f5es sobre a prec\u00e1ria estrutura da feira e reafirmou o compromisso com os feirantes e com a comunidade. \u201cNossa miss\u00e3o \u00e9 fazer que possam continuar trabalhando com respeito e dignidade. O di\u00e1logo ser\u00e1 a base da nossa rela\u00e7\u00e3o com o feirante, vamos trabalhar em parceria\u201d, assegurou Queiroz. <\/p>\n<p>A agenda do candidato, neste s\u00e1bado, inclui o lan\u00e7amento da candidatura do vereador Luciel Emerson (PSB), reuni\u00e3o com apoiadores do candidato Valdinho (Republicanos) e visita \u00e0 Barra de Taquara, na \u00e1rea rural do munic\u00edpio.<br \/>\nFoto: Tiago Calazans<br \/>\nSeja seguidor do Instagram do Blog @blogdoedvaldomagalhaes<\/p>\n","protected":false},"excerpt":{"rendered":"<p>A agenda de campanha de Z\u00e9 Queiroz (PDT), neste s\u00e1bado (17), come\u00e7ou na rua, em contato com o povo. O&hellip;<\/p>\n","protected":false},"author":1,"featured_media":111547,"comment_status":"closed","ping_status":"open","sticky":false,"template":"","format":"standard","meta":{"footnotes":""},"categories":[14122],"tags":[31378,28803,27410,2,28801,31379,19613,20],"class_list":["post-111546","post","type-post","status-publish","format-standard","has-post-thumbnail","hentry","category-politica","tag-e-preciso-tratar-o-feirante-com-respeito-e-dignidade","tag-blog-com-mais-visualizacoes","tag-blog-de-caruaru","tag-blog-do-edvaldo-magalhaes","tag-blog-mais-acessado","tag-declara-ze-queiroz","tag-eleicoes","tag-politica"],"_links":{"self":[{"href":"https:\/\/blogdoedvaldomagalhaes.com.br\/index.php\/wp-json\/wp\/v2\/posts\/111546","targetHints":{"allow":["GET"]}}],"collection":[{"href":"https:\/\/blogdoedvaldomagalhaes.com.br\/index.php\/wp-json\/wp\/v2\/posts"}],"about":[{"href":"https:\/\/blogdoedvaldomagalhaes.com.br\/index.php\/wp-json\/wp\/v2\/types\/post"}],"author":[{"embeddable":true,"href":"https:\/\/blogdoedvaldomagalhaes.com.br\/index.php\/wp-json\/wp\/v2\/users\/1"}],"replies":[{"embeddable":true,"href":"https:\/\/blogdoedvaldomagalhaes.com.br\/index.php\/wp-json\/wp\/v2\/comments?post=111546"}],"version-history":[{"count":1,"href":"https:\/\/blogdoedvaldomagalhaes.com.br\/index.php\/wp-json\/wp\/v2\/posts\/111546\/revisions"}],"predecessor-version":[{"id":111548,"href":"https:\/\/blogdoedvaldomagalhaes.com.br\/index.php\/wp-json\/wp\/v2\/posts\/111546\/revisions\/111548"}],"wp:featuredmedia":[{"embeddable":true,"href":"https:\/\/blogdoedvaldomagalhaes.com.br\/index.php\/wp-json\/wp\/v2\/media\/111547"}],"wp:attachment":[{"href":"https:\/\/blogdoedvaldomagalhaes.com.br\/index.php\/wp-json\/wp\/v2\/media?parent=111546"}],"wp:term":[{"taxonomy":"category","embeddable":true,"href":"https:\/\/blogdoedvaldomagalhaes.com.br\/index.php\/wp-json\/wp\/v2\/categories?post=111546"},{"taxonomy":"post_tag","embeddable":true,"href":"https:\/\/blogdoedvaldomagalhaes.com.br\/index.php\/wp-json\/wp\/v2\/tags?post=111546"}],"curies":[{"name":"wp","href":"https:\/\/api.w.org\/{rel}","templated":true}]}}