{"id":111543,"date":"2024-08-17T17:24:08","date_gmt":"2024-08-17T20:24:08","guid":{"rendered":"https:\/\/blogdoedvaldomagalhaes.com.br\/?p=111543"},"modified":"2024-08-17T17:24:08","modified_gmt":"2024-08-17T20:24:08","slug":"rodrigo-pinheiro-dialoga-com-estudantes-sobre-importancia-de-investimentos-na-juventude","status":"publish","type":"post","link":"https:\/\/blogdoedvaldomagalhaes.com.br\/index.php\/2024\/08\/17\/rodrigo-pinheiro-dialoga-com-estudantes-sobre-importancia-de-investimentos-na-juventude\/","title":{"rendered":"Rodrigo Pinheiro dialoga com estudantes sobre import\u00e2ncia de investimentos na juventude"},"content":{"rendered":"<p>O prefeito Rodrigo Pinheiro realizou, na tarde deste s\u00e1bado (17), uma visita aos estudantes do Cursinho Popular Edilson de G\u00f3is. Na ocasi\u00e3o, o candidato \u00e0 reelei\u00e7\u00e3o e sua vice, Dayse Silva, foram recebidos por abra\u00e7os e cumprimentos dos jovens, em uma conversa sobre a import\u00e2ncia da participa\u00e7\u00e3o da juventude na discuss\u00e3o pol\u00edtica. <\/p>\n<p>Durante o encontro, o prefeito tamb\u00e9m aproveitou para compartilhar alguns dados sobre os investimentos da cidade. &#8220;Essa semana foi Dia do Estudante e a gente sabe da import\u00e2ncia da juventude. Caruaru est\u00e1 sempre oferecendo muitas oportunidades para quem \u00e9 jovem. Nossa cidade bate recorde na gera\u00e7\u00e3o de emprego e renda e tem um investimento forte na tecnologia. Estamos transferindo o Armaz\u00e9m da Criatividade para o centro da cidade justamente para trazer esse acesso para mais perto da nossa popula\u00e7\u00e3o&#8221;, comemorou.<\/p>\n<p>\u00c0 noite, o prefeito e sua vice realizar\u00e3o mais uma agenda de campanha, com uma caminhada ao lado dos apoiadores, no bairro Centen\u00e1rio. A concentra\u00e7\u00e3o ter\u00e1 in\u00edcio \u00e0s 18h45, na Rua Nilo Pe\u00e7anha. Foto: Elvis \u00c9dson<br \/>\nSeja seguidor do Instagram do Blog @blogdoedvaldomagalhaes<\/p>\n","protected":false},"excerpt":{"rendered":"<p>O prefeito Rodrigo Pinheiro realizou, na tarde deste s\u00e1bado (17), uma visita aos estudantes do Cursinho Popular Edilson de G\u00f3is.&hellip;<\/p>\n","protected":false},"author":1,"featured_media":111544,"comment_status":"closed","ping_status":"open","sticky":false,"template":"","format":"standard","meta":{"footnotes":""},"categories":[14122],"tags":[28803,27410,13146,28801,19613,20,31377],"class_list":["post-111543","post","type-post","status-publish","format-standard","has-post-thumbnail","hentry","category-politica","tag-blog-com-mais-visualizacoes","tag-blog-de-caruaru","tag-blog-edvaldo-magalhaes","tag-blog-mais-acessado","tag-eleicoes","tag-politica","tag-rodrigo-pinheiro-dialoga-com-estudantes-sobre-importancia-de-investimentos-na-juventude"],"_links":{"self":[{"href":"https:\/\/blogdoedvaldomagalhaes.com.br\/index.php\/wp-json\/wp\/v2\/posts\/111543","targetHints":{"allow":["GET"]}}],"collection":[{"href":"https:\/\/blogdoedvaldomagalhaes.com.br\/index.php\/wp-json\/wp\/v2\/posts"}],"about":[{"href":"https:\/\/blogdoedvaldomagalhaes.com.br\/index.php\/wp-json\/wp\/v2\/types\/post"}],"author":[{"embeddable":true,"href":"https:\/\/blogdoedvaldomagalhaes.com.br\/index.php\/wp-json\/wp\/v2\/users\/1"}],"replies":[{"embeddable":true,"href":"https:\/\/blogdoedvaldomagalhaes.com.br\/index.php\/wp-json\/wp\/v2\/comments?post=111543"}],"version-history":[{"count":1,"href":"https:\/\/blogdoedvaldomagalhaes.com.br\/index.php\/wp-json\/wp\/v2\/posts\/111543\/revisions"}],"predecessor-version":[{"id":111545,"href":"https:\/\/blogdoedvaldomagalhaes.com.br\/index.php\/wp-json\/wp\/v2\/posts\/111543\/revisions\/111545"}],"wp:featuredmedia":[{"embeddable":true,"href":"https:\/\/blogdoedvaldomagalhaes.com.br\/index.php\/wp-json\/wp\/v2\/media\/111544"}],"wp:attachment":[{"href":"https:\/\/blogdoedvaldomagalhaes.com.br\/index.php\/wp-json\/wp\/v2\/media?parent=111543"}],"wp:term":[{"taxonomy":"category","embeddable":true,"href":"https:\/\/blogdoedvaldomagalhaes.com.br\/index.php\/wp-json\/wp\/v2\/categories?post=111543"},{"taxonomy":"post_tag","embeddable":true,"href":"https:\/\/blogdoedvaldomagalhaes.com.br\/index.php\/wp-json\/wp\/v2\/tags?post=111543"}],"curies":[{"name":"wp","href":"https:\/\/api.w.org\/{rel}","templated":true}]}}