{"id":111506,"date":"2024-08-16T23:08:47","date_gmt":"2024-08-17T02:08:47","guid":{"rendered":"https:\/\/blogdoedvaldomagalhaes.com.br\/?p=111506"},"modified":"2024-08-16T23:39:15","modified_gmt":"2024-08-17T02:39:15","slug":"segundo-homicidio-em-caruaru-nesta-sexta-feira-anciao-e-morto-a-tiros","status":"publish","type":"post","link":"https:\/\/blogdoedvaldomagalhaes.com.br\/index.php\/2024\/08\/16\/segundo-homicidio-em-caruaru-nesta-sexta-feira-anciao-e-morto-a-tiros\/","title":{"rendered":"Segundo homic\u00eddio em Caruaru nesta sexta-feira: anci\u00e3o \u00e9 morto a tiros"},"content":{"rendered":"<p>Sexta-feira violenta em Caruaru, o segundo homic\u00eddio foi registrado na nesta noite (16.08), na rua Amaro Ramos da Silva, no Loteamento Hosana. A v\u00edtima foi assassinada a tiros, sendo o catador de material recicl\u00e1vel Lourinaldo Rufino Pereira, conhecido como Lourinho, 65 anos anos, que residia na Vila Diocesana. A Pol\u00edcia Militar isolou a \u00e1rea, e aguarda a presen\u00e7a dos peritos do Instituto de Criminal\u00edstica &#8211; IC e a equipe da Delegacia de Homic\u00eddios. O corpo ser\u00e1 encaminhado ao IML.<\/p>\n<p>Este foi o 4\u2022 homic\u00eddio no m\u00eas de agosto, e o 80\u2022 no ano de 2024, em Caruaru. Fotos: Adielson Galv\u00e3o.<\/p>\n<p>Seja seguidor do Instagram do Blog para comentar @blogdoedvaldomagalhaes<\/p>\n<p><img loading=\"lazy\" decoding=\"async\" class=\"size-full wp-image-111515\" src=\"https:\/\/blogdoedvaldomagalhaes.com.br\/wp-content\/uploads\/2024\/08\/eb17aa33-3b25-441f-87d7-066f9f2be185-2-1.jpg\" width=\"1077\" height=\"385\" srcset=\"https:\/\/blogdoedvaldomagalhaes.com.br\/wp-content\/uploads\/2024\/08\/eb17aa33-3b25-441f-87d7-066f9f2be185-2-1.jpg 1077w, https:\/\/blogdoedvaldomagalhaes.com.br\/wp-content\/uploads\/2024\/08\/eb17aa33-3b25-441f-87d7-066f9f2be185-2-1-300x107.jpg 300w, https:\/\/blogdoedvaldomagalhaes.com.br\/wp-content\/uploads\/2024\/08\/eb17aa33-3b25-441f-87d7-066f9f2be185-2-1-1024x366.jpg 1024w, https:\/\/blogdoedvaldomagalhaes.com.br\/wp-content\/uploads\/2024\/08\/eb17aa33-3b25-441f-87d7-066f9f2be185-2-1-768x275.jpg 768w\" sizes=\"auto, (max-width: 1077px) 100vw, 1077px\" \/><\/p>\n","protected":false},"excerpt":{"rendered":"<p>Sexta-feira violenta em Caruaru, o segundo homic\u00eddio foi registrado na nesta noite (16.08), na rua Amaro Ramos da Silva, no&hellip;<\/p>\n","protected":false},"author":1,"featured_media":111507,"comment_status":"closed","ping_status":"open","sticky":false,"template":"","format":"standard","meta":{"footnotes":""},"categories":[14121],"tags":[27410,2,5448],"class_list":["post-111506","post","type-post","status-publish","format-standard","has-post-thumbnail","hentry","category-policial","tag-blog-de-caruaru","tag-blog-do-edvaldo-magalhaes","tag-homicidio"],"_links":{"self":[{"href":"https:\/\/blogdoedvaldomagalhaes.com.br\/index.php\/wp-json\/wp\/v2\/posts\/111506","targetHints":{"allow":["GET"]}}],"collection":[{"href":"https:\/\/blogdoedvaldomagalhaes.com.br\/index.php\/wp-json\/wp\/v2\/posts"}],"about":[{"href":"https:\/\/blogdoedvaldomagalhaes.com.br\/index.php\/wp-json\/wp\/v2\/types\/post"}],"author":[{"embeddable":true,"href":"https:\/\/blogdoedvaldomagalhaes.com.br\/index.php\/wp-json\/wp\/v2\/users\/1"}],"replies":[{"embeddable":true,"href":"https:\/\/blogdoedvaldomagalhaes.com.br\/index.php\/wp-json\/wp\/v2\/comments?post=111506"}],"version-history":[{"count":6,"href":"https:\/\/blogdoedvaldomagalhaes.com.br\/index.php\/wp-json\/wp\/v2\/posts\/111506\/revisions"}],"predecessor-version":[{"id":111517,"href":"https:\/\/blogdoedvaldomagalhaes.com.br\/index.php\/wp-json\/wp\/v2\/posts\/111506\/revisions\/111517"}],"wp:featuredmedia":[{"embeddable":true,"href":"https:\/\/blogdoedvaldomagalhaes.com.br\/index.php\/wp-json\/wp\/v2\/media\/111507"}],"wp:attachment":[{"href":"https:\/\/blogdoedvaldomagalhaes.com.br\/index.php\/wp-json\/wp\/v2\/media?parent=111506"}],"wp:term":[{"taxonomy":"category","embeddable":true,"href":"https:\/\/blogdoedvaldomagalhaes.com.br\/index.php\/wp-json\/wp\/v2\/categories?post=111506"},{"taxonomy":"post_tag","embeddable":true,"href":"https:\/\/blogdoedvaldomagalhaes.com.br\/index.php\/wp-json\/wp\/v2\/tags?post=111506"}],"curies":[{"name":"wp","href":"https:\/\/api.w.org\/{rel}","templated":true}]}}