{"id":111501,"date":"2024-08-16T20:28:20","date_gmt":"2024-08-16T23:28:20","guid":{"rendered":"https:\/\/blogdoedvaldomagalhaes.com.br\/?p=111501"},"modified":"2024-08-16T20:28:20","modified_gmt":"2024-08-16T23:28:20","slug":"anderson-correia-inicia-campanha-recebendo-apoio-no-bairro-cidade-jardim","status":"publish","type":"post","link":"https:\/\/blogdoedvaldomagalhaes.com.br\/index.php\/2024\/08\/16\/anderson-correia-inicia-campanha-recebendo-apoio-no-bairro-cidade-jardim\/","title":{"rendered":"Anderson Correia inicia campanha recebendo apoio no bairro Cidade Jardim"},"content":{"rendered":"<p>Em busca da reelei\u00e7\u00e3o o vereador Anderson Correia (PP) iniciou a campanha eleitoral com muito entusiasmo, recebendo apoio por parte de diversas pessoas que acreditam no seu trabalho como representante das pessoas e dos animais. O pontap\u00e9 inicial para o pleito visando seguir na C\u00e2mara Municipal de Caruaru aconteceu no bairro Cidade Jardim, em uma reuni\u00e3o com apoiadores, onde o parlamentar recebeu o carinho e a for\u00e7a dos moradores para fazer uma campanha brilhante, de m\u00e3os dadas com os caruaruenses.<\/p>\n<p>\u201cChegou a hora de reafirmamos nossa posi\u00e7\u00e3o como representante das pessoas e dos animais. Demos a largada na Cidade Jardim, local onde temos muitos apoiadores, bairro de gente batalhadora, que acredita no nosso trabalho e que est\u00e1 conosco neste pleito. Minha gratid\u00e3o a todos que estiveram na reuni\u00e3o, ouvindo nossas propostas em prol de uma Caruaru melhor, sabendo que n\u00e3o vamos parar de lutar pelos mais vulner\u00e1veis, com a nossa bandeira animalista, al\u00e9m das diversas pautas humanas, que vai da sa\u00fade a infraestrutura da nossa cidade. Vamos em frente, Caruaru, com p\u00e9s no ch\u00e3o e com trabalho para mostrar\u201d, destacou Anderson.<br \/>\nFoto: Divulga\u00e7\u00e3o<br \/>\nSeja seguidor do Instagram do Blog @blogdoedvaldomagalhaes<\/p>\n","protected":false},"excerpt":{"rendered":"<p>Em busca da reelei\u00e7\u00e3o o vereador Anderson Correia (PP) iniciou a campanha eleitoral com muito entusiasmo, recebendo apoio por parte&hellip;<\/p>\n","protected":false},"author":1,"featured_media":111502,"comment_status":"closed","ping_status":"open","sticky":false,"template":"","format":"standard","meta":{"footnotes":""},"categories":[14120],"tags":[31374,28803,27410,13146,28801,20],"class_list":["post-111501","post","type-post","status-publish","format-standard","has-post-thumbnail","hentry","category-noticias","tag-anderson-correia-inicia-campanha-recebendo-apoio-no-bairro-cidade-jardim","tag-blog-com-mais-visualizacoes","tag-blog-de-caruaru","tag-blog-edvaldo-magalhaes","tag-blog-mais-acessado","tag-politica"],"_links":{"self":[{"href":"https:\/\/blogdoedvaldomagalhaes.com.br\/index.php\/wp-json\/wp\/v2\/posts\/111501","targetHints":{"allow":["GET"]}}],"collection":[{"href":"https:\/\/blogdoedvaldomagalhaes.com.br\/index.php\/wp-json\/wp\/v2\/posts"}],"about":[{"href":"https:\/\/blogdoedvaldomagalhaes.com.br\/index.php\/wp-json\/wp\/v2\/types\/post"}],"author":[{"embeddable":true,"href":"https:\/\/blogdoedvaldomagalhaes.com.br\/index.php\/wp-json\/wp\/v2\/users\/1"}],"replies":[{"embeddable":true,"href":"https:\/\/blogdoedvaldomagalhaes.com.br\/index.php\/wp-json\/wp\/v2\/comments?post=111501"}],"version-history":[{"count":1,"href":"https:\/\/blogdoedvaldomagalhaes.com.br\/index.php\/wp-json\/wp\/v2\/posts\/111501\/revisions"}],"predecessor-version":[{"id":111503,"href":"https:\/\/blogdoedvaldomagalhaes.com.br\/index.php\/wp-json\/wp\/v2\/posts\/111501\/revisions\/111503"}],"wp:featuredmedia":[{"embeddable":true,"href":"https:\/\/blogdoedvaldomagalhaes.com.br\/index.php\/wp-json\/wp\/v2\/media\/111502"}],"wp:attachment":[{"href":"https:\/\/blogdoedvaldomagalhaes.com.br\/index.php\/wp-json\/wp\/v2\/media?parent=111501"}],"wp:term":[{"taxonomy":"category","embeddable":true,"href":"https:\/\/blogdoedvaldomagalhaes.com.br\/index.php\/wp-json\/wp\/v2\/categories?post=111501"},{"taxonomy":"post_tag","embeddable":true,"href":"https:\/\/blogdoedvaldomagalhaes.com.br\/index.php\/wp-json\/wp\/v2\/tags?post=111501"}],"curies":[{"name":"wp","href":"https:\/\/api.w.org\/{rel}","templated":true}]}}