{"id":111036,"date":"2024-08-01T11:32:50","date_gmt":"2024-08-01T14:32:50","guid":{"rendered":"https:\/\/blogdoedvaldomagalhaes.com.br\/?p=111036"},"modified":"2024-08-01T11:32:51","modified_gmt":"2024-08-01T14:32:51","slug":"michelle-santos-e-rafael-guerra-oficializam-candidaturas-para-disputar-prefeitura-de-caruaru","status":"publish","type":"post","link":"https:\/\/blogdoedvaldomagalhaes.com.br\/index.php\/2024\/08\/01\/michelle-santos-e-rafael-guerra-oficializam-candidaturas-para-disputar-prefeitura-de-caruaru\/","title":{"rendered":"Michelle Santos e Rafael Guerra oficializam candidaturas para disputar Prefeitura de Caruaru"},"content":{"rendered":"<p>Na noite dessa quarta-feira (31), Michelle Santos e Rafael Guerra foram homologados como candidatos a prefeita e vice-prefeito, respectivamente, na conven\u00e7\u00e3o da Federa\u00e7\u00e3o PSOL-Rede. O evento ocorreu no bairro Maur\u00edcio de Nassau e contou com a participa\u00e7\u00e3o de lideran\u00e7as estaduais importantes, como o presidente estadual do PSOL, Samuel Herculano, e a deputada estadual e candidata a prefeita do Recife Dani Portela.<\/p>\n<p>Michelle reafirmou o compromisso de fazer uma gest\u00e3o popular e participativa. &#8220;N\u00f3s acreditamos que a pol\u00edtica deve ser feita com a participa\u00e7\u00e3o popular. N\u00f3s vamos construir uma cidade participativa e plural, trazendo o povo para o centro das decis\u00f5es. Vamos transformar Caruaru para que ela seja eficiente, sustent\u00e1vel, com mobilidade urbana pensando nas pessoas comuns, e com direito \u00e0 cidade. Vamos fazer uma grande revolu\u00e7\u00e3o na forma de gerir Caruaru&#8221;.<\/p>\n<p>Rafael Guerra, candidato a vice, destaca a import\u00e2ncia deste pleito. &#8220;Estas elei\u00e7\u00f5es s\u00e3o extremamente importantes n\u00e3o s\u00f3 para Caruaru, mas tamb\u00e9m para a Federa\u00e7\u00e3o PSOL-Rede. Vamos com tudo fazer o debate sobre a cidade que a gente sonha. Estamos prontos para disputar a Prefeitura de Caruaru e mostrar que outra l\u00f3gica de governar \u00e9 poss\u00edvel&#8221;.<\/p>\n<p>J\u00e1 a deputada Dani Portela trouxe uma posi\u00e7\u00e3o cr\u00edtica com rela\u00e7\u00e3o \u00e0 pol\u00edtica. Temos aqui, numa das maiores cidades do nosso estado, a candidatura de uma mulher. N\u00f3s somos maioria da popula\u00e7\u00e3o, mas minoria em espa\u00e7os de decis\u00e3o. Ent\u00e3o, a gente convida as mulheres a se somarem, olhar pra candidatura de Michelle e ver que Michelle \u00e9 gente da gente. Acho que Caruaru precisa parar de eleger as mesmas fam\u00edlias, os mesmos grupos que se revezam no poder e quando colocam algu\u00e9m novo \u00e9 filho, neto, parente&#8230; Michelle \u00e9 uma pessoa que constr\u00f3i sua vida em Caruaru, \u00e9 gente da gente&#8221;, defendeu.<\/p>\n<p>*Perfis*<br \/>\nMichelle Santos \u00e9 Advogada Popular e Mobilizadora Social h\u00e1 27 anos. Iniciou a milit\u00e2ncia no Movimento Estudantil Secundarista aos 12 anos. J\u00e1 s\u00e3o 25 anos de milit\u00e2ncia junto a movimentos sociais de luta por terra, moradia e garantia dos direitos das mulheres. A candidata se filiou ao Partido Socialismo e Liberdade (PSOL) em 2015.<\/p>\n<p>Rafael Guerra tem 32 anos, \u00e9 fisioterapeuta e graduando em nutri\u00e7\u00e3o. \u00c9 militante do PSOL em Caruaru desde de 2019, atualmente assumindo a Secretaria de Forma\u00e7\u00e3o Pol\u00edtica, al\u00e9m de ser LGBTQIA+ e compor a Antar (Poder Popular Antiespecista). Natural de Surubim, Rafael mora em Caruaru h\u00e1 mais de 15 anos.<br \/>\nFoto: Divulga\u00e7\u00e3o<br \/>\nSeja seguidor do Instagram do Blog @blogdoedvaldomagalhaes<\/p>\n","protected":false},"excerpt":{"rendered":"<p>Na noite dessa quarta-feira (31), Michelle Santos e Rafael Guerra foram homologados como candidatos a prefeita e vice-prefeito, respectivamente, na&hellip;<\/p>\n","protected":false},"author":1,"featured_media":111037,"comment_status":"closed","ping_status":"open","sticky":false,"template":"","format":"standard","meta":{"footnotes":""},"categories":[14122],"tags":[30253,28803,13146,28801,31222,20],"class_list":["post-111036","post","type-post","status-publish","format-standard","has-post-thumbnail","hentry","category-politica","tag-blog-caruaru","tag-blog-com-mais-visualizacoes","tag-blog-edvaldo-magalhaes","tag-blog-mais-acessado","tag-michelle-santos-e-rafael-guerra-oficializam-candidaturas-para-disputar-prefeitura-de-caruaru","tag-politica"],"_links":{"self":[{"href":"https:\/\/blogdoedvaldomagalhaes.com.br\/index.php\/wp-json\/wp\/v2\/posts\/111036","targetHints":{"allow":["GET"]}}],"collection":[{"href":"https:\/\/blogdoedvaldomagalhaes.com.br\/index.php\/wp-json\/wp\/v2\/posts"}],"about":[{"href":"https:\/\/blogdoedvaldomagalhaes.com.br\/index.php\/wp-json\/wp\/v2\/types\/post"}],"author":[{"embeddable":true,"href":"https:\/\/blogdoedvaldomagalhaes.com.br\/index.php\/wp-json\/wp\/v2\/users\/1"}],"replies":[{"embeddable":true,"href":"https:\/\/blogdoedvaldomagalhaes.com.br\/index.php\/wp-json\/wp\/v2\/comments?post=111036"}],"version-history":[{"count":1,"href":"https:\/\/blogdoedvaldomagalhaes.com.br\/index.php\/wp-json\/wp\/v2\/posts\/111036\/revisions"}],"predecessor-version":[{"id":111038,"href":"https:\/\/blogdoedvaldomagalhaes.com.br\/index.php\/wp-json\/wp\/v2\/posts\/111036\/revisions\/111038"}],"wp:featuredmedia":[{"embeddable":true,"href":"https:\/\/blogdoedvaldomagalhaes.com.br\/index.php\/wp-json\/wp\/v2\/media\/111037"}],"wp:attachment":[{"href":"https:\/\/blogdoedvaldomagalhaes.com.br\/index.php\/wp-json\/wp\/v2\/media?parent=111036"}],"wp:term":[{"taxonomy":"category","embeddable":true,"href":"https:\/\/blogdoedvaldomagalhaes.com.br\/index.php\/wp-json\/wp\/v2\/categories?post=111036"},{"taxonomy":"post_tag","embeddable":true,"href":"https:\/\/blogdoedvaldomagalhaes.com.br\/index.php\/wp-json\/wp\/v2\/tags?post=111036"}],"curies":[{"name":"wp","href":"https:\/\/api.w.org\/{rel}","templated":true}]}}