{"id":1110,"date":"2018-10-04T21:04:00","date_gmt":"2018-10-05T00:04:00","guid":{"rendered":"http:\/\/blogdoedvaldomagalhaes.com.br\/index.php\/2018\/10\/04\/assaltantes-invadem-residencia-na-zona\/"},"modified":"2019-02-09T02:33:44","modified_gmt":"2019-02-09T04:33:44","slug":"assaltantes-invadem-residencia-na-zona","status":"publish","type":"post","link":"https:\/\/blogdoedvaldomagalhaes.com.br\/index.php\/2018\/10\/04\/assaltantes-invadem-residencia-na-zona\/","title":{"rendered":"Assaltantes invadem resid\u00eancia na zona rural de Caruaru"},"content":{"rendered":"<div class=\"separator\" style=\"clear: both; text-align: center;\">\n<a href=\"https:\/\/4.bp.blogspot.com\/-YGx5DdEbeJo\/W7aAKL2g4pI\/AAAAAAAA7MQ\/_FkQFrFSVDYyGn9bgkdstopCNBgIPA3CgCLcBGAs\/s1600\/assalto.jpg\" imageanchor=\"1\" style=\"margin-left: 1em; margin-right: 1em;\"><img loading=\"lazy\" decoding=\"async\" border=\"0\" data-original-height=\"225\" data-original-width=\"400\" height=\"360\" src=\"http:\/\/blogdoedvaldomagalhaes.com.br\/wp-content\/uploads\/2018\/10\/assalto.jpg\" width=\"640\" \/><\/a><\/div>\n<div style=\"text-align: justify;\">\n<\/div>\n<div style=\"text-align: justify;\">\n<b>Do G1 Caruaru<\/b><\/div>\n<div style=\"text-align: justify;\">\n<\/div>\n<div style=\"text-align: justify;\">\nDois assaltantes armados invadiram uma resid\u00eancia no distrito de Cachoeira Seca, na zona rural de Caruaru, nessa quarta-feira (3).<\/div>\n<div style=\"text-align: justify;\">\n<\/div>\n<div style=\"text-align: justify;\">\nDe acordo com a Pol\u00edcia Civil, dentro da casa estavam dois adultos e uma crian\u00e7a de cinco anos, quando os acusados entraram no local e anunciaram o assalto.<\/div>\n<div style=\"text-align: justify;\">\n<\/div>\n<div style=\"text-align: justify;\">\nSegundo a pol\u00edcia, foram roubados um carro, duas televis\u00f5es e cinco celulares. Os assaltantes n\u00e3o foram localizados. O dono da casa prestou queixa na Delegacia de Pol\u00edcia Civil.<\/div>\n<div style=\"text-align: justify;\">\n<\/div>\n","protected":false},"excerpt":{"rendered":"<p>Do G1 Caruaru Dois assaltantes armados invadiram uma resid\u00eancia no distrito de Cachoeira Seca, na zona rural de Caruaru, nessa&hellip;<\/p>\n","protected":false},"author":1,"featured_media":0,"comment_status":"open","ping_status":"open","sticky":false,"template":"","format":"standard","meta":{"footnotes":""},"categories":[1],"tags":[1063,2,13],"class_list":["post-1110","post","type-post","status-publish","format-standard","hentry","category-sem-categoria","tag-assaltantes-invadem-residencia-na-zona-rural-de-caruaru","tag-blog-do-edvaldo-magalhaes","tag-policial"],"_links":{"self":[{"href":"https:\/\/blogdoedvaldomagalhaes.com.br\/index.php\/wp-json\/wp\/v2\/posts\/1110","targetHints":{"allow":["GET"]}}],"collection":[{"href":"https:\/\/blogdoedvaldomagalhaes.com.br\/index.php\/wp-json\/wp\/v2\/posts"}],"about":[{"href":"https:\/\/blogdoedvaldomagalhaes.com.br\/index.php\/wp-json\/wp\/v2\/types\/post"}],"author":[{"embeddable":true,"href":"https:\/\/blogdoedvaldomagalhaes.com.br\/index.php\/wp-json\/wp\/v2\/users\/1"}],"replies":[{"embeddable":true,"href":"https:\/\/blogdoedvaldomagalhaes.com.br\/index.php\/wp-json\/wp\/v2\/comments?post=1110"}],"version-history":[{"count":1,"href":"https:\/\/blogdoedvaldomagalhaes.com.br\/index.php\/wp-json\/wp\/v2\/posts\/1110\/revisions"}],"predecessor-version":[{"id":34639,"href":"https:\/\/blogdoedvaldomagalhaes.com.br\/index.php\/wp-json\/wp\/v2\/posts\/1110\/revisions\/34639"}],"wp:attachment":[{"href":"https:\/\/blogdoedvaldomagalhaes.com.br\/index.php\/wp-json\/wp\/v2\/media?parent=1110"}],"wp:term":[{"taxonomy":"category","embeddable":true,"href":"https:\/\/blogdoedvaldomagalhaes.com.br\/index.php\/wp-json\/wp\/v2\/categories?post=1110"},{"taxonomy":"post_tag","embeddable":true,"href":"https:\/\/blogdoedvaldomagalhaes.com.br\/index.php\/wp-json\/wp\/v2\/tags?post=1110"}],"curies":[{"name":"wp","href":"https:\/\/api.w.org\/{rel}","templated":true}]}}