{"id":111,"date":"2019-01-25T23:56:00","date_gmt":"2019-01-26T01:56:00","guid":{"rendered":"http:\/\/blogdoedvaldomagalhaes.com.br\/index.php\/2019\/01\/25\/delegado-thiago-henrique-esclare-saida\/"},"modified":"2019-02-09T02:50:46","modified_gmt":"2019-02-09T04:50:46","slug":"delegado-thiago-henrique-esclare-saida","status":"publish","type":"post","link":"https:\/\/blogdoedvaldomagalhaes.com.br\/index.php\/2019\/01\/25\/delegado-thiago-henrique-esclare-saida\/","title":{"rendered":"Delegado Thiago Henrique esclarece &#8220;sa\u00edda&#8221; de Caruaru"},"content":{"rendered":"<div class=\"separator\" style=\"clear: both; text-align: justify;\">\n<a href=\"https:\/\/4.bp.blogspot.com\/-njrlm4IxQcI\/XEuh-mZUJ7I\/AAAAAAABBkE\/kRwHnPWlCyoMbw1aVCu0H3LiIwvKLQxhwCLcBGAs\/s1600\/FB_IMG_1548460257355.jpg\" imageanchor=\"1\" style=\"margin-left: 1em; margin-right: 1em;\"><img loading=\"lazy\" decoding=\"async\" border=\"0\" data-original-height=\"960\" data-original-width=\"676\" height=\"640\" src=\"http:\/\/blogdoedvaldomagalhaes.com.br\/wp-content\/uploads\/2019\/01\/FB_IMG_1548460257355.jpg\" width=\"450\" \/><\/a><\/div>\n<div style=\"text-align: justify;\">\n<br \/>\nO Delegado Thiago Henrique, postou em suas redes sociais, a mensagem abaixo:&nbsp;<\/div>\n<div style=\"text-align: justify;\">\n<p>SOBRE MINHA \u201cSA\u00cdDA\u201d DE CARUARU<\/p><\/div>\n<div style=\"text-align: justify;\">\n<\/div>\n<div style=\"text-align: justify;\">\nPessoal, tenho recebido v\u00e1rias mensagens sobre eu ter sido transferido de Caruaru. N\u00c3O PROCEDE. Esse m\u00eas estou tirando f\u00e9rias de um delegado plantonista, ent\u00e3o estou trabalhando na escala 24h x 72h, por esse motivo n\u00e3o tenho estado na cidade todos os dias, como de costume.<\/div>\n<div style=\"text-align: justify;\">\n<\/div>\n<div style=\"text-align: justify;\">\nGosto muito de Caruaru, foi uma cidade que me acolheu com muito carinho. J\u00e1 rejeitei v\u00e1rios convites para assumir delegacias na capital, justamente por ter criado esse v\u00ednculo com a cidade.<\/div>\n<div style=\"text-align: justify;\">\n<\/div>\n<div style=\"text-align: justify;\">\nObrigado a todos pelo carinho.<\/div>\n","protected":false},"excerpt":{"rendered":"<p>O Delegado Thiago Henrique, postou em suas redes sociais, a mensagem abaixo:&nbsp; SOBRE MINHA \u201cSA\u00cdDA\u201d DE CARUARU Pessoal, tenho recebido&hellip;<\/p>\n","protected":false},"author":1,"featured_media":0,"comment_status":"open","ping_status":"open","sticky":false,"template":"","format":"standard","meta":{"footnotes":""},"categories":[1],"tags":[2,13],"class_list":["post-111","post","type-post","status-publish","format-standard","hentry","category-sem-categoria","tag-blog-do-edvaldo-magalhaes","tag-policial"],"_links":{"self":[{"href":"https:\/\/blogdoedvaldomagalhaes.com.br\/index.php\/wp-json\/wp\/v2\/posts\/111","targetHints":{"allow":["GET"]}}],"collection":[{"href":"https:\/\/blogdoedvaldomagalhaes.com.br\/index.php\/wp-json\/wp\/v2\/posts"}],"about":[{"href":"https:\/\/blogdoedvaldomagalhaes.com.br\/index.php\/wp-json\/wp\/v2\/types\/post"}],"author":[{"embeddable":true,"href":"https:\/\/blogdoedvaldomagalhaes.com.br\/index.php\/wp-json\/wp\/v2\/users\/1"}],"replies":[{"embeddable":true,"href":"https:\/\/blogdoedvaldomagalhaes.com.br\/index.php\/wp-json\/wp\/v2\/comments?post=111"}],"version-history":[{"count":1,"href":"https:\/\/blogdoedvaldomagalhaes.com.br\/index.php\/wp-json\/wp\/v2\/posts\/111\/revisions"}],"predecessor-version":[{"id":37752,"href":"https:\/\/blogdoedvaldomagalhaes.com.br\/index.php\/wp-json\/wp\/v2\/posts\/111\/revisions\/37752"}],"wp:attachment":[{"href":"https:\/\/blogdoedvaldomagalhaes.com.br\/index.php\/wp-json\/wp\/v2\/media?parent=111"}],"wp:term":[{"taxonomy":"category","embeddable":true,"href":"https:\/\/blogdoedvaldomagalhaes.com.br\/index.php\/wp-json\/wp\/v2\/categories?post=111"},{"taxonomy":"post_tag","embeddable":true,"href":"https:\/\/blogdoedvaldomagalhaes.com.br\/index.php\/wp-json\/wp\/v2\/tags?post=111"}],"curies":[{"name":"wp","href":"https:\/\/api.w.org\/{rel}","templated":true}]}}