{"id":1109,"date":"2018-10-04T21:52:00","date_gmt":"2018-10-05T00:52:00","guid":{"rendered":"http:\/\/blogdoedvaldomagalhaes.com.br\/index.php\/2018\/10\/04\/blog-post_4\/"},"modified":"2019-02-09T02:33:45","modified_gmt":"2019-02-09T04:33:45","slug":"blog-post_4","status":"publish","type":"post","link":"https:\/\/blogdoedvaldomagalhaes.com.br\/index.php\/2018\/10\/04\/blog-post_4\/","title":{"rendered":"Pesquisa Datafolha: Paulo C\u00e2mara tem 52% dos votos v\u00e1lidos e Armando Monteiro 35%"},"content":{"rendered":"<div class=\"separator\" style=\"clear: both; text-align: center;\">\n<a href=\"https:\/\/3.bp.blogspot.com\/-Vz0rIzr7fF0\/W7aL9rFZGoI\/AAAAAAAA7Mk\/M6QSJbUz4KEiqT2sfaYa24BAJL7XbhcIwCLcBGAs\/s1600\/essa.jpg\" imageanchor=\"1\" style=\"margin-left: 1em; margin-right: 1em;\"><img loading=\"lazy\" decoding=\"async\" border=\"0\" data-original-height=\"142\" data-original-width=\"253\" height=\"359\" src=\"http:\/\/blogdoedvaldomagalhaes.com.br\/wp-content\/uploads\/2018\/10\/essa.jpg\" width=\"640\" \/><\/a><\/div>\n<div class=\"separator\" style=\"clear: both; text-align: center;\">\n<\/div>\n<div data-block-id=\"0\" data-block-type=\"unstyled\" data-block-weight=\"32\" style=\"-webkit-tap-highlight-color: rgba(26, 26, 26, 0.3); background-color: white; border: 0px; caret-color: rgb(27, 27, 27); margin: 0px; max-width: 100%; outline: 0px; padding: 0px; text-size-adjust: none; vertical-align: baseline;\">\n<div data-track-category=\"Link no Texto\" data-track-links=\"\" style=\"border: 0px; font-style: inherit; font-weight: inherit; margin-bottom: 1.5em; max-width: 100%; outline: 0px; padding: 0px; text-align: justify; vertical-align: baseline;\">\n<strong style=\"border: 0px; font-style: inherit; margin: 0px; outline: 0px; padding: 0px; vertical-align: baseline;\">Do G1 PE<\/strong><\/div>\n<div data-track-category=\"Link no Texto\" data-track-links=\"\" style=\"border: 0px; font-style: inherit; font-weight: inherit; margin-bottom: 1.5em; max-width: 100%; outline: 0px; padding: 0px; text-align: justify; vertical-align: baseline;\">\nPesquisa Datafolha divulgada nesta quinta-feira (4) aponta os percentuais de inten\u00e7\u00e3o de voto para o governo de Pernambuco. A margem de erro \u00e9 de 3 pontos percentuais, para mais ou para menos.&nbsp;<\/div>\n<\/div>\n<div style=\"-webkit-tap-highlight-color: rgba(26, 26, 26, 0.3); background-color: white; border: 0px; caret-color: rgb(27, 27, 27); margin: 0px; max-width: 100%; outline: 0px; padding: 0px; text-size-adjust: none; vertical-align: baseline;\">\n<div data-block-id=\"3\" data-block-type=\"unstyled\" data-block-weight=\"28\" style=\"border: 0px; font-style: inherit; font-weight: inherit; margin: 0px; max-width: 100%; outline: 0px; padding: 0px; vertical-align: baseline;\">\n<div data-track-category=\"Link no Texto\" data-track-links=\"\" style=\"border: 0px; font-style: inherit; font-weight: inherit; margin-bottom: 1.5em; max-width: 100%; outline: 0px; padding: 0px; text-align: justify; vertical-align: baseline;\">\nVeja os n\u00fameros da pesquisa estimulada, considerando todas as inten\u00e7\u00f5es de voto, inclusive as respostas dos eleitores que se declaram indecisos ou que votariam em branco ou nulo:&nbsp;<\/div>\n<\/div>\n<div data-block-id=\"4\" data-block-type=\"raw\" data-block-weight=\"34\" style=\"border: 0px; font-style: inherit; font-weight: inherit; margin: 0px; max-width: 100%; outline: 0px; padding: 0px; vertical-align: baseline;\">\n<ul style=\"border: 0px; font-style: inherit; font-weight: inherit; list-style-image: initial; list-style-position: initial; margin: 0px 0px 1.5em 2em; max-width: 100%; outline: 0px; padding: 0px; vertical-align: baseline;\">\n<li style=\"border: 0px; font-style: inherit; font-weight: inherit; margin: 0px; max-width: 100%; outline: 0px; padding: 0px; text-align: justify; vertical-align: baseline;\"><a href=\"http:\/\/g1.globo.com\/politica\/politico\/paulo-camara.html\" style=\"border: 0px; font-style: inherit; font-weight: inherit; margin: 0px; max-width: 100%; outline: 0px; padding: 0px; text-decoration-line: none; vertical-align: baseline;\">Paulo C\u00e2mara<\/a>&nbsp;(<a href=\"http:\/\/g1.globo.com\/tudo-sobre\/psb\" style=\"border: 0px; font-style: inherit; font-weight: inherit; margin: 0px; max-width: 100%; outline: 0px; padding: 0px; text-decoration-line: none; vertical-align: baseline;\">PSB<\/a>): 42%<\/li>\n<li style=\"border: 0px; font-style: inherit; font-weight: inherit; margin: 0px; max-width: 100%; outline: 0px; padding: 0px; text-align: justify; vertical-align: baseline;\"><a href=\"http:\/\/g1.globo.com\/politica\/politico\/armando-monteiro.html\" style=\"border: 0px; font-style: inherit; font-weight: inherit; margin: 0px; max-width: 100%; outline: 0px; padding: 0px; text-decoration-line: none; vertical-align: baseline;\">Armando Monteiro<\/a>&nbsp;(<a href=\"http:\/\/g1.globo.com\/tudo-sobre\/ptb\" style=\"border: 0px; font-style: inherit; font-weight: inherit; margin: 0px; max-width: 100%; outline: 0px; padding: 0px; text-decoration-line: none; vertical-align: baseline;\">PTB<\/a>): 28%<\/li>\n<li style=\"border: 0px; font-style: inherit; font-weight: inherit; margin: 0px; max-width: 100%; outline: 0px; padding: 0px; text-align: justify; vertical-align: baseline;\"><a href=\"http:\/\/g1.globo.com\/politica\/politico\/dani-portela.html\" style=\"border: 0px; font-style: inherit; font-weight: inherit; margin: 0px; max-width: 100%; outline: 0px; padding: 0px; text-decoration-line: none; vertical-align: baseline;\">Dani Portela<\/a>&nbsp;(<a href=\"http:\/\/g1.globo.com\/tudo-sobre\/psol\" style=\"border: 0px; font-style: inherit; font-weight: inherit; margin: 0px; max-width: 100%; outline: 0px; padding: 0px; text-decoration-line: none; vertical-align: baseline;\">PSOL<\/a>): 3%<\/li>\n<li style=\"border: 0px; font-style: inherit; font-weight: inherit; margin: 0px; max-width: 100%; outline: 0px; padding: 0px; text-align: justify; vertical-align: baseline;\"><a href=\"http:\/\/g1.globo.com\/politica\/politico\/julio-emilio-lossio-de-macedo.html\" style=\"border: 0px; font-style: inherit; font-weight: inherit; margin: 0px; max-width: 100%; outline: 0px; padding: 0px; text-decoration-line: none; vertical-align: baseline;\">Julio Lossio<\/a>&nbsp;(<a href=\"http:\/\/g1.globo.com\/tudo-sobre\/rede\" style=\"border: 0px; font-style: inherit; font-weight: inherit; margin: 0px; max-width: 100%; outline: 0px; padding: 0px; text-decoration-line: none; vertical-align: baseline;\">Rede<\/a>): 3%<\/li>\n<li style=\"border: 0px; font-style: inherit; font-weight: inherit; margin: 0px; max-width: 100%; outline: 0px; padding: 0px; text-align: justify; vertical-align: baseline;\"><a href=\"http:\/\/g1.globo.com\/politica\/politico\/mauricio-rands-coelho-barros.html\" style=\"border: 0px; font-style: inherit; font-weight: inherit; margin: 0px; max-width: 100%; outline: 0px; padding: 0px; text-decoration-line: none; vertical-align: baseline;\">Maur\u00edcio Rands<\/a>&nbsp;(<a href=\"http:\/\/g1.globo.com\/tudo-sobre\/pros\" style=\"border: 0px; font-style: inherit; font-weight: inherit; margin: 0px; max-width: 100%; outline: 0px; padding: 0px; text-decoration-line: none; vertical-align: baseline;\">Pros<\/a>): 3%<\/li>\n<li style=\"border: 0px; font-style: inherit; font-weight: inherit; margin: 0px; max-width: 100%; outline: 0px; padding: 0px; text-align: justify; vertical-align: baseline;\"><a href=\"http:\/\/g1.globo.com\/politica\/politico\/ana-patricia-alves.html\" style=\"border: 0px; font-style: inherit; font-weight: inherit; margin: 0px; max-width: 100%; outline: 0px; padding: 0px; text-decoration-line: none; vertical-align: baseline;\">Ana Patr\u00edcia Alves<\/a>&nbsp;(<a href=\"http:\/\/g1.globo.com\/tudo-sobre\/pco\" style=\"border: 0px; font-style: inherit; font-weight: inherit; margin: 0px; max-width: 100%; outline: 0px; padding: 0px; text-decoration-line: none; vertical-align: baseline;\">PCO<\/a>): 1%<\/li>\n<li style=\"border: 0px; font-style: inherit; font-weight: inherit; margin: 0px; max-width: 100%; outline: 0px; padding: 0px; text-align: justify; vertical-align: baseline;\"><a href=\"http:\/\/g1.globo.com\/politica\/politico\/simone-fontana.html\" style=\"border: 0px; font-style: inherit; font-weight: inherit; margin: 0px; max-width: 100%; outline: 0px; padding: 0px; text-decoration-line: none; vertical-align: baseline;\">Simone Fontana<\/a>&nbsp;(<a href=\"http:\/\/g1.globo.com\/tudo-sobre\/pstu\" style=\"border: 0px; font-style: inherit; font-weight: inherit; margin: 0px; max-width: 100%; outline: 0px; padding: 0px; text-decoration-line: none; vertical-align: baseline;\">PSTU<\/a>): 1%<\/li>\n<li style=\"border: 0px; font-style: inherit; font-weight: inherit; margin: 0px; max-width: 100%; outline: 0px; padding: 0px; text-align: justify; vertical-align: baseline;\">Branco\/nulo\/nenhum: 15%<\/li>\n<li style=\"border: 0px; font-style: inherit; font-weight: inherit; margin: 0px; max-width: 100%; outline: 0px; padding: 0px; text-align: justify; vertical-align: baseline;\">N\u00e3o sabe: 4%<\/li>\n<\/ul>\n<\/div>\n<div data-block-id=\"5\" data-block-type=\"unstyled\" data-block-weight=\"17\" style=\"border: 0px; font-style: inherit; font-weight: inherit; margin: 0px; max-width: 100%; outline: 0px; padding: 0px; vertical-align: baseline;\">\n<div data-track-category=\"Link no Texto\" data-track-links=\"\" style=\"border: 0px; font-style: inherit; font-weight: inherit; margin-bottom: 1.5em; max-width: 100%; outline: 0px; padding: 0px; text-align: justify; vertical-align: baseline;\">\nA candidata Ana Patr\u00edcia Alves anunciou, na ter\u00e7a-feira (2), que&nbsp;<a href=\"https:\/\/g1.globo.com\/pe\/pernambuco\/eleicoes\/2018\/noticia\/2018\/10\/02\/ana-patricia-alves-do-pco-desiste-de-candidatura-ao-governo-de-pernambuco.ghtml\" style=\"border: 0px; font-style: inherit; font-weight: inherit; margin: 0px; max-width: 100%; outline: 0px; padding: 0px; text-decoration-line: none; vertical-align: baseline;\">retirou a candidatura ao governo<\/a>&nbsp;de Pernambuco.&nbsp;<\/div>\n<\/div>\n<div data-block-id=\"6\" data-block-type=\"raw\" data-block-weight=\"4\" style=\"border: 0px; font-style: inherit; font-weight: inherit; margin: 0px; max-width: 100%; outline: 0px; padding: 0px; vertical-align: baseline;\">\n<h2 style=\"border: 0px; clear: none; font-style: inherit; line-height: 1.2; margin: 0px 0px 0.5em; max-width: 100%; outline: 0px; padding: 0px; text-align: justify; vertical-align: baseline;\">\nEvolu\u00e7\u00e3o dos votos totais<\/h2>\n<\/div>\n<div data-block-id=\"7\" data-block-type=\"unstyled\" data-block-weight=\"9\" style=\"border: 0px; font-style: inherit; font-weight: inherit; margin: 0px; max-width: 100%; outline: 0px; padding: 0px; vertical-align: baseline;\">\n<div data-track-category=\"Link no Texto\" data-track-links=\"\" style=\"border: 0px; font-style: inherit; font-weight: inherit; margin-bottom: 1.5em; max-width: 100%; outline: 0px; padding: 0px; text-align: justify; vertical-align: baseline;\">\nEm rela\u00e7\u00e3o ao&nbsp;<a href=\"https:\/\/g1.globo.com\/pe\/pernambuco\/eleicoes\/2018\/noticia\/2018\/09\/28\/pesquisa-datafolha-em-pernambuco-paulo-camara-38-armando-monteiro-30.ghtml\" style=\"border: 0px; font-style: inherit; font-weight: inherit; margin: 0px; max-width: 100%; outline: 0px; padding: 0px; text-decoration-line: none; vertical-align: baseline;\">levantamento anterior<\/a>, divulgado na sexta-feira (28):&nbsp;<\/div>\n<\/div>\n<div data-block-id=\"8\" data-block-type=\"raw\" data-block-weight=\"59\" style=\"border: 0px; font-style: inherit; font-weight: inherit; margin: 0px; max-width: 100%; outline: 0px; padding: 0px; vertical-align: baseline;\">\n<ul style=\"border: 0px; font-style: inherit; font-weight: inherit; list-style-image: initial; list-style-position: initial; margin: 0px 0px 1.5em 2em; max-width: 100%; outline: 0px; padding: 0px; vertical-align: baseline;\">\n<li style=\"border: 0px; font-style: inherit; font-weight: inherit; margin: 0px; max-width: 100%; outline: 0px; padding: 0px; text-align: justify; vertical-align: baseline;\">Paulo C\u00e2mara foi de 38% para 42%<\/li>\n<li style=\"border: 0px; font-style: inherit; font-weight: inherit; margin: 0px; max-width: 100%; outline: 0px; padding: 0px; text-align: justify; vertical-align: baseline;\">Armando Monteiro foi de 30% para 28%<\/li>\n<li style=\"border: 0px; font-style: inherit; font-weight: inherit; margin: 0px; max-width: 100%; outline: 0px; padding: 0px; text-align: justify; vertical-align: baseline;\">Dani Portela foi de 2% para 3%<\/li>\n<li style=\"border: 0px; font-style: inherit; font-weight: inherit; margin: 0px; max-width: 100%; outline: 0px; padding: 0px; text-align: justify; vertical-align: baseline;\">Julio Lossio se manteve com 3%&nbsp;<\/li>\n<li style=\"border: 0px; font-style: inherit; font-weight: inherit; margin: 0px; max-width: 100%; outline: 0px; padding: 0px; text-align: justify; vertical-align: baseline;\">Maur\u00edcio Rands se manteve com 3%<\/li>\n<li style=\"border: 0px; font-style: inherit; font-weight: inherit; margin: 0px; max-width: 100%; outline: 0px; padding: 0px; text-align: justify; vertical-align: baseline;\">Ana Patr\u00edcia Alves se manteve com 1%<\/li>\n<li style=\"border: 0px; font-style: inherit; font-weight: inherit; margin: 0px; max-width: 100%; outline: 0px; padding: 0px; text-align: justify; vertical-align: baseline;\">Simone Fontana se manteve com 1%<\/li>\n<li style=\"border: 0px; font-style: inherit; font-weight: inherit; margin: 0px; max-width: 100%; outline: 0px; padding: 0px; text-align: justify; vertical-align: baseline;\">Branco\/nulo\/nenhum foi de 16% para 15%&nbsp;<\/li>\n<li style=\"border: 0px; font-style: inherit; font-weight: inherit; margin: 0px; max-width: 100%; outline: 0px; padding: 0px; text-align: justify; vertical-align: baseline;\">N\u00e3o sabe foi de 6% para 4%<\/li>\n<\/ul>\n<\/div>\n<div data-block-id=\"10\" data-block-type=\"unstyled\" data-block-weight=\"67\" style=\"border: 0px; font-style: inherit; font-weight: inherit; margin: 0px; max-width: 100%; outline: 0px; padding: 0px; vertical-align: baseline;\">\n<div data-track-category=\"Link no Texto\" data-track-links=\"\" style=\"border: 0px; font-style: inherit; font-weight: inherit; margin-bottom: 1.5em; max-width: 100%; outline: 0px; padding: 0px; text-align: justify; vertical-align: baseline;\">\nVeja, abaixo, o resultado da pesquisa Datafolha considerando apenas os votos v\u00e1lidos. Para calcular esses votos, s\u00e3o exclu\u00eddos da amostra os votos brancos, os nulos e os eleitores que se declaram indecisos. O procedimento \u00e9 o mesmo utilizado pela Justi\u00e7a Eleitoral para divulgar o resultado oficial da elei\u00e7\u00e3o. Para vencer no primeiro turno, um candidato precisa de 50% dos votos v\u00e1lidos mais um voto. Veja os \u00edndices:&nbsp;<\/div>\n<\/div>\n<div data-block-id=\"11\" data-block-type=\"raw\" data-block-weight=\"29\" style=\"border: 0px; font-style: inherit; font-weight: inherit; margin: 0px; max-width: 100%; outline: 0px; padding: 0px; vertical-align: baseline;\">\n<ul style=\"border: 0px; font-style: inherit; font-weight: inherit; list-style-image: initial; list-style-position: initial; margin: 0px 0px 1.5em 2em; max-width: 100%; outline: 0px; padding: 0px; vertical-align: baseline;\">\n<li style=\"border: 0px; font-style: inherit; font-weight: inherit; margin: 0px; max-width: 100%; outline: 0px; padding: 0px; text-align: justify; vertical-align: baseline;\">Paulo C\u00e2mara (PSB): 52%<\/li>\n<li style=\"border: 0px; font-style: inherit; font-weight: inherit; margin: 0px; max-width: 100%; outline: 0px; padding: 0px; text-align: justify; vertical-align: baseline;\">Armando Monteiro (PTB): 35%<\/li>\n<li style=\"border: 0px; font-style: inherit; font-weight: inherit; margin: 0px; max-width: 100%; outline: 0px; padding: 0px; text-align: justify; vertical-align: baseline;\">Dani Portela (PSOL): 4%<\/li>\n<li style=\"border: 0px; font-style: inherit; font-weight: inherit; margin: 0px; max-width: 100%; outline: 0px; padding: 0px; text-align: justify; vertical-align: baseline;\">Julio Lossio (Rede): 4%<\/li>\n<li style=\"border: 0px; font-style: inherit; font-weight: inherit; margin: 0px; max-width: 100%; outline: 0px; padding: 0px; text-align: justify; vertical-align: baseline;\">Maur\u00edcio Rands (Pros): 3%<\/li>\n<li style=\"border: 0px; font-style: inherit; font-weight: inherit; margin: 0px; max-width: 100%; outline: 0px; padding: 0px; text-align: justify; vertical-align: baseline;\">Ana Patr\u00edcia Alves (PCO): 2%<\/li>\n<li style=\"border: 0px; font-style: inherit; font-weight: inherit; margin: 0px; max-width: 100%; outline: 0px; padding: 0px; text-align: justify; vertical-align: baseline;\">Simone Fontana (PSTU): 1%<\/li>\n<\/ul>\n<\/div>\n<div data-block-id=\"13\" data-block-type=\"unstyled\" data-block-weight=\"42\" style=\"border: 0px; font-style: inherit; font-weight: inherit; margin: 0px; max-width: 100%; outline: 0px; padding: 0px; vertical-align: baseline;\">\n<div data-track-category=\"Link no Texto\" data-track-links=\"\" style=\"border: 0px; font-style: inherit; font-weight: inherit; margin-bottom: 1.5em; max-width: 100%; outline: 0px; padding: 0px; text-align: justify; vertical-align: baseline;\">\nA Datafolha tamb\u00e9m mediu a taxa de rejei\u00e7\u00e3o (o eleitor deve dizer em qual dos candidatos n\u00e3o votaria de jeito nenhum). Nesse item, os entrevistados puderam escolher mais de um nome, por isso, os resultados somam mais de 100%. Veja os \u00edndices:&nbsp;<\/div>\n<\/div>\n<div data-block-id=\"14\" data-block-type=\"raw\" data-block-weight=\"45\" style=\"border: 0px; font-style: inherit; font-weight: inherit; margin: 0px; max-width: 100%; outline: 0px; padding: 0px; vertical-align: baseline;\">\n<ul style=\"border: 0px; font-style: inherit; font-weight: inherit; list-style-image: initial; list-style-position: initial; margin: 0px 0px 1.5em 2em; max-width: 100%; outline: 0px; padding: 0px; vertical-align: baseline;\">\n<li style=\"border: 0px; font-style: inherit; font-weight: inherit; margin: 0px; max-width: 100%; outline: 0px; padding: 0px; text-align: justify; vertical-align: baseline;\">Paulo C\u00e2mara (PSB): 32%<\/li>\n<li style=\"border: 0px; font-style: inherit; font-weight: inherit; margin: 0px; max-width: 100%; outline: 0px; padding: 0px; text-align: justify; vertical-align: baseline;\">Armando Monteiro (PTB): 32%<\/li>\n<li style=\"border: 0px; font-style: inherit; font-weight: inherit; margin: 0px; max-width: 100%; outline: 0px; padding: 0px; text-align: justify; vertical-align: baseline;\">Dani Portela (PSOL): 26%<\/li>\n<li style=\"border: 0px; font-style: inherit; font-weight: inherit; margin: 0px; max-width: 100%; outline: 0px; padding: 0px; text-align: justify; vertical-align: baseline;\">Ana Patr\u00edcia Alves (PCO): 25%<\/li>\n<li style=\"border: 0px; font-style: inherit; font-weight: inherit; margin: 0px; max-width: 100%; outline: 0px; padding: 0px; text-align: justify; vertical-align: baseline;\">Julio Lossio (Rede): 24%<\/li>\n<li style=\"border: 0px; font-style: inherit; font-weight: inherit; margin: 0px; max-width: 100%; outline: 0px; padding: 0px; text-align: justify; vertical-align: baseline;\">Simone Fontana (PSTU): 24%<\/li>\n<li style=\"border: 0px; font-style: inherit; font-weight: inherit; margin: 0px; max-width: 100%; outline: 0px; padding: 0px; text-align: justify; vertical-align: baseline;\">Maur\u00edcio Rands (PROS): 24%<\/li>\n<li style=\"border: 0px; font-style: inherit; font-weight: inherit; margin: 0px; max-width: 100%; outline: 0px; padding: 0px; text-align: justify; vertical-align: baseline;\">Rejeita todos\/n\u00e3o votaria em nenhum: 8%<\/li>\n<li style=\"border: 0px; font-style: inherit; font-weight: inherit; margin: 0px; max-width: 100%; outline: 0px; padding: 0px; text-align: justify; vertical-align: baseline;\">Votaria em qualquer um\/n\u00e3o rejeita nenhum: 3%<\/li>\n<li style=\"border: 0px; font-style: inherit; font-weight: inherit; margin: 0px; max-width: 100%; outline: 0px; padding: 0px; text-align: justify; vertical-align: baseline;\">N\u00e3o sabe: 6%<\/li>\n<\/ul>\n<\/div>\n<div data-block-id=\"17\" data-block-type=\"unstyled\" data-block-weight=\"14\" style=\"border: 0px; font-style: inherit; font-weight: inherit; margin: 0px; max-width: 100%; outline: 0px; padding: 0px; vertical-align: baseline;\">\n<div data-track-category=\"Link no Texto\" data-track-links=\"\" style=\"border: 0px; font-style: inherit; font-weight: inherit; margin-bottom: 1.5em; max-width: 100%; outline: 0px; padding: 0px; text-align: justify; vertical-align: baseline;\">\nA Datafolha apresentou cen\u00e1rio para o segundo turno com os dois primeiros colocados. Veja:&nbsp;<\/div>\n<\/div>\n<div data-block-id=\"18\" data-block-type=\"raw\" data-block-weight=\"14\" style=\"border: 0px; font-style: inherit; font-weight: inherit; margin: 0px; max-width: 100%; outline: 0px; padding: 0px; vertical-align: baseline;\">\n<ul style=\"border: 0px; font-style: inherit; font-weight: inherit; list-style-image: initial; list-style-position: initial; margin: 0px 0px 1.5em 2em; max-width: 100%; outline: 0px; padding: 0px; vertical-align: baseline;\">\n<li style=\"border: 0px; font-style: inherit; font-weight: inherit; margin: 0px; max-width: 100%; outline: 0px; padding: 0px; text-align: justify; vertical-align: baseline;\">Paulo C\u00e2mara (PSB): 46% x 36% Armando Monteiro (PTB) (branco\/nulo: 16%; n\u00e3o sabe: 3%)<\/li>\n<\/ul>\n<\/div>\n<\/div>\n<p><\/p>\n<div style=\"background-color: white; border: 0px; float: none; margin: 10px 0px; outline: 0px; padding: 0px; text-align: center; vertical-align: baseline;\">\n<a href=\"http:\/\/www.cazanova.com.br\/v2\/\" style=\"border: 0px; font-style: inherit; font-weight: inherit; margin: 0px; outline: 0px; padding: 0px; vertical-align: baseline;\"><\/a><\/div>\n<p><\/p>\n<div data-track-action=\"ultimo chunk conteudo\" data-track-category=\"fim do conteudo\" data-track-noninteraction=\"false\" data-track-scroll=\"entrada completa viewport\" style=\"-webkit-tap-highlight-color: rgba(26, 26, 26, 0.3); -webkit-text-stroke-width: 0px; background-color: white; border: 0px; caret-color: rgb(27, 27, 27); font-style: normal; font-variant-caps: normal; font-variant-ligatures: normal; font-weight: normal; letter-spacing: normal; margin: 0px; max-width: 100%; orphans: 2; outline: 0px; padding: 0px; text-align: start; text-decoration: none; text-indent: 0px; text-size-adjust: none; text-transform: none; vertical-align: baseline; white-space: normal; widows: 2; word-spacing: 0px;\">\n<div data-block-id=\"20\" data-block-type=\"raw\" data-block-weight=\"79\" style=\"border: 0px; font-style: inherit; font-weight: inherit; margin: 0px; max-width: 100%; outline: 0px; padding: 0px; vertical-align: baseline;\">\n<ul style=\"border: 0px; font-style: inherit; font-weight: inherit; list-style: disc; margin: 0px 0px 1.5em 2em; max-width: 100%; outline: 0px; padding: 0px; vertical-align: baseline;\">\n<li style=\"border: 0px; font-style: inherit; font-weight: inherit; margin: 0px; max-width: 100%; outline: 0px; padding: 0px; text-align: justify; vertical-align: baseline;\">Margem de erro: 3 pontos percentuais para mais ou para menos<\/li>\n<li style=\"border: 0px; font-style: inherit; font-weight: inherit; margin: 0px; max-width: 100%; outline: 0px; padding: 0px; text-align: justify; vertical-align: baseline;\">Quem foi ouvido: 1.482 eleitores em 59 munic\u00edpios, com 16 anos ou mais<\/li>\n<li style=\"border: 0px; font-style: inherit; font-weight: inherit; margin: 0px; max-width: 100%; outline: 0px; padding: 0px; text-align: justify; vertical-align: baseline;\">Quando a pesquisa foi feita: nos dias 3 e 4 de outubro<\/li>\n<li style=\"border: 0px; font-style: inherit; font-weight: inherit; margin: 0px; max-width: 100%; outline: 0px; padding: 0px; text-align: justify; vertical-align: baseline;\">Registro no TSE: PE-05100\/2018<\/li>\n<li style=\"border: 0px; font-style: inherit; font-weight: inherit; margin: 0px; max-width: 100%; outline: 0px; padding: 0px; text-align: justify; vertical-align: baseline;\">Contratantes da pesquisa: TV Globo e Folha de S.Paulo<\/li>\n<li style=\"border: 0px; font-style: inherit; font-weight: inherit; margin: 0px; max-width: 100%; outline: 0px; padding: 0px; text-align: justify; vertical-align: baseline;\">O n\u00edvel de confian\u00e7a utilizado \u00e9 de 95%. Isso quer dizer que h\u00e1 uma probabilidade de 95% de os resultados retratarem o atual momento eleitoral, considerando a margem de erro<\/li>\n<\/ul>\n<\/div>\n<\/div>\n","protected":false},"excerpt":{"rendered":"<p>Do G1 PE Pesquisa Datafolha divulgada nesta quinta-feira (4) aponta os percentuais de inten\u00e7\u00e3o de voto para o governo de&hellip;<\/p>\n","protected":false},"author":1,"featured_media":0,"comment_status":"open","ping_status":"open","sticky":false,"template":"","format":"standard","meta":{"footnotes":""},"categories":[1],"tags":[2,1062,20],"class_list":["post-1109","post","type-post","status-publish","format-standard","hentry","category-sem-categoria","tag-blog-do-edvaldo-magalhaes","tag-pesquisa-datafolha-paulo-camara-tem-52-dos-votos-validos-e-armando-monteiro-35","tag-politica"],"_links":{"self":[{"href":"https:\/\/blogdoedvaldomagalhaes.com.br\/index.php\/wp-json\/wp\/v2\/posts\/1109","targetHints":{"allow":["GET"]}}],"collection":[{"href":"https:\/\/blogdoedvaldomagalhaes.com.br\/index.php\/wp-json\/wp\/v2\/posts"}],"about":[{"href":"https:\/\/blogdoedvaldomagalhaes.com.br\/index.php\/wp-json\/wp\/v2\/types\/post"}],"author":[{"embeddable":true,"href":"https:\/\/blogdoedvaldomagalhaes.com.br\/index.php\/wp-json\/wp\/v2\/users\/1"}],"replies":[{"embeddable":true,"href":"https:\/\/blogdoedvaldomagalhaes.com.br\/index.php\/wp-json\/wp\/v2\/comments?post=1109"}],"version-history":[{"count":1,"href":"https:\/\/blogdoedvaldomagalhaes.com.br\/index.php\/wp-json\/wp\/v2\/posts\/1109\/revisions"}],"predecessor-version":[{"id":34641,"href":"https:\/\/blogdoedvaldomagalhaes.com.br\/index.php\/wp-json\/wp\/v2\/posts\/1109\/revisions\/34641"}],"wp:attachment":[{"href":"https:\/\/blogdoedvaldomagalhaes.com.br\/index.php\/wp-json\/wp\/v2\/media?parent=1109"}],"wp:term":[{"taxonomy":"category","embeddable":true,"href":"https:\/\/blogdoedvaldomagalhaes.com.br\/index.php\/wp-json\/wp\/v2\/categories?post=1109"},{"taxonomy":"post_tag","embeddable":true,"href":"https:\/\/blogdoedvaldomagalhaes.com.br\/index.php\/wp-json\/wp\/v2\/tags?post=1109"}],"curies":[{"name":"wp","href":"https:\/\/api.w.org\/{rel}","templated":true}]}}