{"id":1108,"date":"2018-10-04T22:05:00","date_gmt":"2018-10-05T01:05:00","guid":{"rendered":"http:\/\/blogdoedvaldomagalhaes.com.br\/index.php\/2018\/10\/04\/pesquisa-datafolha-para-o-senado-e\/"},"modified":"2019-02-09T02:33:45","modified_gmt":"2019-02-09T04:33:45","slug":"pesquisa-datafolha-para-o-senado-e","status":"publish","type":"post","link":"https:\/\/blogdoedvaldomagalhaes.com.br\/index.php\/2018\/10\/04\/pesquisa-datafolha-para-o-senado-e\/","title":{"rendered":"Pesquisa Datafolha para o Senado em Pernambuco: Jarbas lidera, Humberto em segundo, Mendon\u00e7a em terceiro"},"content":{"rendered":"<div class=\"separator\" style=\"clear: both; text-align: center;\">\n<a href=\"https:\/\/2.bp.blogspot.com\/-ZfWJC1CPPYc\/W7aOscZlOxI\/AAAAAAAA7M0\/Pq-quJmVhiMA-QagPBWX9QuWv7XuA-1QQCLcBGAs\/s1600\/t%25C3%25A1.jpg\" imageanchor=\"1\" style=\"margin-left: 1em; margin-right: 1em;\"><img loading=\"lazy\" decoding=\"async\" border=\"0\" data-original-height=\"410\" data-original-width=\"748\" height=\"350\" src=\"http:\/\/blogdoedvaldomagalhaes.com.br\/wp-content\/uploads\/2018\/10\/tC3A1.jpg\" width=\"640\" \/><\/a><\/div>\n<p><\/p>\n<div data-block-id=\"0\" data-block-type=\"unstyled\" data-block-weight=\"19\" style=\"-webkit-tap-highlight-color: rgba(26, 26, 26, 0.3); background-color: white; border: 0px; caret-color: rgb(27, 27, 27); margin: 0px; max-width: 100%; outline: 0px; padding: 0px; text-size-adjust: none; vertical-align: baseline;\">\n<div data-track-category=\"Link no Texto\" data-track-links=\"\" style=\"border: 0px; font-style: inherit; font-weight: inherit; margin-bottom: 1.5em; max-width: 100%; outline: 0px; padding: 0px; text-align: justify; vertical-align: baseline;\">\n<strong style=\"border: 0px; font-style: inherit; margin: 0px; outline: 0px; padding: 0px; vertical-align: baseline;\">Do G1 PE<\/strong><\/div>\n<div data-track-category=\"Link no Texto\" data-track-links=\"\" style=\"border: 0px; font-style: inherit; font-weight: inherit; margin-bottom: 1.5em; max-width: 100%; outline: 0px; padding: 0px; text-align: justify; vertical-align: baseline;\">\nPesquisa Datafolha divulgada nesta quinta-feira (4) aponta os seguintes percentuais de inten\u00e7\u00e3o de voto para o Senado em Pernambuco:&nbsp;<\/div>\n<\/div>\n<div style=\"-webkit-tap-highlight-color: rgba(26, 26, 26, 0.3); background-color: white; border: 0px; caret-color: rgb(27, 27, 27); margin: 0px; max-width: 100%; outline: 0px; padding: 0px; text-size-adjust: none; vertical-align: baseline;\">\n<div data-block-id=\"2\" data-block-type=\"raw\" data-block-weight=\"70\" style=\"border: 0px; font-style: inherit; font-weight: inherit; margin: 0px; max-width: 100%; outline: 0px; padding: 0px; vertical-align: baseline;\">\n<ul style=\"border: 0px; font-style: inherit; font-weight: inherit; list-style-image: initial; list-style-position: initial; margin: 0px 0px 1.5em 2em; max-width: 100%; outline: 0px; padding: 0px; vertical-align: baseline;\">\n<li style=\"border: 0px; font-style: inherit; font-weight: inherit; margin: 0px; max-width: 100%; outline: 0px; padding: 0px; text-align: justify; vertical-align: baseline;\"><a href=\"http:\/\/g1.globo.com\/politica\/politico\/jarbas.html\" style=\"border: 0px; font-style: inherit; font-weight: inherit; margin: 0px; max-width: 100%; outline: 0px; padding: 0px; text-decoration-line: none; vertical-align: baseline;\">Jarbas<\/a>&nbsp;(<a href=\"http:\/\/g1.globo.com\/tudo-sobre\/mdb\" style=\"border: 0px; font-style: inherit; font-weight: inherit; margin: 0px; max-width: 100%; outline: 0px; padding: 0px; text-decoration-line: none; vertical-align: baseline;\">MDB<\/a>): 38%<\/li>\n<li style=\"border: 0px; font-style: inherit; font-weight: inherit; margin: 0px; max-width: 100%; outline: 0px; padding: 0px; text-align: justify; vertical-align: baseline;\"><a href=\"http:\/\/g1.globo.com\/politica\/politico\/humberto-costa.html\" style=\"border: 0px; font-style: inherit; font-weight: inherit; margin: 0px; max-width: 100%; outline: 0px; padding: 0px; text-decoration-line: none; vertical-align: baseline;\">Humberto Costa<\/a>&nbsp;(<a href=\"http:\/\/g1.globo.com\/tudo-sobre\/pt\" style=\"border: 0px; font-style: inherit; font-weight: inherit; margin: 0px; max-width: 100%; outline: 0px; padding: 0px; text-decoration-line: none; vertical-align: baseline;\">PT<\/a>): 34%<\/li>\n<li style=\"border: 0px; font-style: inherit; font-weight: inherit; margin: 0px; max-width: 100%; outline: 0px; padding: 0px; text-align: justify; vertical-align: baseline;\"><a href=\"http:\/\/g1.globo.com\/politica\/politico\/mendonca-filho.html\" style=\"border: 0px; font-style: inherit; font-weight: inherit; margin: 0px; max-width: 100%; outline: 0px; padding: 0px; text-decoration-line: none; vertical-align: baseline;\">Mendon\u00e7a Filho<\/a>&nbsp;(<a href=\"http:\/\/g1.globo.com\/tudo-sobre\/dem\" style=\"border: 0px; font-style: inherit; font-weight: inherit; margin: 0px; max-width: 100%; outline: 0px; padding: 0px; text-decoration-line: none; vertical-align: baseline;\">DEM<\/a>): 25%<\/li>\n<li style=\"border: 0px; font-style: inherit; font-weight: inherit; margin: 0px; max-width: 100%; outline: 0px; padding: 0px; text-align: justify; vertical-align: baseline;\"><a href=\"http:\/\/g1.globo.com\/politica\/politico\/silvio-serafim-costa.html\" style=\"border: 0px; font-style: inherit; font-weight: inherit; margin: 0px; max-width: 100%; outline: 0px; padding: 0px; text-decoration-line: none; vertical-align: baseline;\">Silvio Costa<\/a>&nbsp;(<a href=\"http:\/\/g1.globo.com\/tudo-sobre\/avante\" style=\"border: 0px; font-style: inherit; font-weight: inherit; margin: 0px; max-width: 100%; outline: 0px; padding: 0px; text-decoration-line: none; vertical-align: baseline;\">Avante<\/a>): 14%<\/li>\n<li style=\"border: 0px; font-style: inherit; font-weight: inherit; margin: 0px; max-width: 100%; outline: 0px; padding: 0px; text-align: justify; vertical-align: baseline;\"><a href=\"http:\/\/g1.globo.com\/politica\/politico\/bruno-araujo.html\" style=\"border: 0px; font-style: inherit; font-weight: inherit; margin: 0px; max-width: 100%; outline: 0px; padding: 0px; text-decoration-line: none; vertical-align: baseline;\">Bruno Ara\u00fajo<\/a>&nbsp;(<a href=\"http:\/\/g1.globo.com\/tudo-sobre\/psdb\" style=\"border: 0px; font-style: inherit; font-weight: inherit; margin: 0px; max-width: 100%; outline: 0px; padding: 0px; text-decoration-line: none; vertical-align: baseline;\">PSDB<\/a>): 10%<\/li>\n<li style=\"border: 0px; font-style: inherit; font-weight: inherit; margin: 0px; max-width: 100%; outline: 0px; padding: 0px; text-align: justify; vertical-align: baseline;\"><a href=\"http:\/\/g1.globo.com\/politica\/politico\/pastor-jairinho.html\" style=\"border: 0px; font-style: inherit; font-weight: inherit; margin: 0px; max-width: 100%; outline: 0px; padding: 0px; text-decoration-line: none; vertical-align: baseline;\">Pastor Jairinho<\/a>&nbsp;(<a href=\"http:\/\/g1.globo.com\/tudo-sobre\/rede\" style=\"border: 0px; font-style: inherit; font-weight: inherit; margin: 0px; max-width: 100%; outline: 0px; padding: 0px; text-decoration-line: none; vertical-align: baseline;\">Rede<\/a>): 6%<\/li>\n<li style=\"border: 0px; font-style: inherit; font-weight: inherit; margin: 0px; max-width: 100%; outline: 0px; padding: 0px; text-align: justify; vertical-align: baseline;\"><a href=\"http:\/\/g1.globo.com\/politica\/politico\/adriana-rocha.html\" style=\"border: 0px; font-style: inherit; font-weight: inherit; margin: 0px; max-width: 100%; outline: 0px; padding: 0px; text-decoration-line: none; vertical-align: baseline;\">Adriana Rocha<\/a>&nbsp;(Rede): 3%<\/li>\n<li style=\"border: 0px; font-style: inherit; font-weight: inherit; margin: 0px; max-width: 100%; outline: 0px; padding: 0px; text-align: justify; vertical-align: baseline;\"><a href=\"http:\/\/g1.globo.com\/politica\/politico\/helio-cabral.html\" style=\"border: 0px; font-style: inherit; font-weight: inherit; margin: 0px; max-width: 100%; outline: 0px; padding: 0px; text-decoration-line: none; vertical-align: baseline;\">H\u00e9lio Cabral<\/a>&nbsp;(<a href=\"http:\/\/g1.globo.com\/tudo-sobre\/pstu\" style=\"border: 0px; font-style: inherit; font-weight: inherit; margin: 0px; max-width: 100%; outline: 0px; padding: 0px; text-decoration-line: none; vertical-align: baseline;\">PSTU<\/a>): 2%<\/li>\n<li style=\"border: 0px; font-style: inherit; font-weight: inherit; margin: 0px; max-width: 100%; outline: 0px; padding: 0px; text-align: justify; vertical-align: baseline;\"><a href=\"http:\/\/g1.globo.com\/politica\/politico\/eugenia.html\" style=\"border: 0px; font-style: inherit; font-weight: inherit; margin: 0px; max-width: 100%; outline: 0px; padding: 0px; text-decoration-line: none; vertical-align: baseline;\">Eug\u00eania<\/a>&nbsp;(<a href=\"http:\/\/g1.globo.com\/tudo-sobre\/psol\" style=\"border: 0px; font-style: inherit; font-weight: inherit; margin: 0px; max-width: 100%; outline: 0px; padding: 0px; text-decoration-line: none; vertical-align: baseline;\">PSOL<\/a>): 2%<\/li>\n<li style=\"border: 0px; font-style: inherit; font-weight: inherit; margin: 0px; max-width: 100%; outline: 0px; padding: 0px; text-align: justify; vertical-align: baseline;\"><a href=\"http:\/\/g1.globo.com\/politica\/politico\/lidia-brunes.html\" style=\"border: 0px; font-style: inherit; font-weight: inherit; margin: 0px; max-width: 100%; outline: 0px; padding: 0px; text-decoration-line: none; vertical-align: baseline;\">L\u00eddia Brunes<\/a>&nbsp;(<a href=\"http:\/\/g1.globo.com\/tudo-sobre\/pros\" style=\"border: 0px; font-style: inherit; font-weight: inherit; margin: 0px; max-width: 100%; outline: 0px; padding: 0px; text-decoration-line: none; vertical-align: baseline;\">Pros<\/a>): 1%<\/li>\n<li style=\"border: 0px; font-style: inherit; font-weight: inherit; margin: 0px; max-width: 100%; outline: 0px; padding: 0px; text-align: justify; vertical-align: baseline;\"><a href=\"http:\/\/g1.globo.com\/politica\/politico\/albanise-pires.html\" style=\"border: 0px; font-style: inherit; font-weight: inherit; margin: 0px; max-width: 100%; outline: 0px; padding: 0px; text-decoration-line: none; vertical-align: baseline;\">Albanise Pires<\/a>&nbsp;(PSOL): 1%<\/li>\n<li style=\"border: 0px; font-style: inherit; font-weight: inherit; margin: 0px; max-width: 100%; outline: 0px; padding: 0px; text-align: justify; vertical-align: baseline;\"><a href=\"http:\/\/g1.globo.com\/politica\/politico\/alex-lima-rola.html\" style=\"border: 0px; font-style: inherit; font-weight: inherit; margin: 0px; max-width: 100%; outline: 0px; padding: 0px; text-decoration-line: none; vertical-align: baseline;\">Alex Rola<\/a>&nbsp;(<a href=\"http:\/\/g1.globo.com\/tudo-sobre\/pco\" style=\"border: 0px; font-style: inherit; font-weight: inherit; margin: 0px; max-width: 100%; outline: 0px; padding: 0px; text-decoration-line: none; vertical-align: baseline;\">PCO<\/a>): 1%<\/li>\n<li style=\"border: 0px; font-style: inherit; font-weight: inherit; margin: 0px; max-width: 100%; outline: 0px; padding: 0px; text-align: justify; vertical-align: baseline;\">Brancos\/nulos \u2013 Vaga 1: 19%<\/li>\n<li style=\"border: 0px; font-style: inherit; font-weight: inherit; margin: 0px; max-width: 100%; outline: 0px; padding: 0px; text-align: justify; vertical-align: baseline;\">Brancos\/nulos \u2013 Vaga 2: 26%<\/li>\n<li style=\"border: 0px; font-style: inherit; font-weight: inherit; margin: 0px; max-width: 100%; outline: 0px; padding: 0px; text-align: justify; vertical-align: baseline;\">N\u00e3o sabe\/n\u00e3o respondeu \u2013 Vaga 1: 7%<\/li>\n<li style=\"border: 0px; font-style: inherit; font-weight: inherit; margin: 0px; max-width: 100%; outline: 0px; padding: 0px; text-align: justify; vertical-align: baseline;\">N\u00e3o sabe\/n\u00e3o respondeu \u2013 Vaga 2: 11%<\/li>\n<\/ul>\n<\/div>\n<div data-block-id=\"3\" data-block-type=\"unstyled\" data-block-weight=\"14\" style=\"border: 0px; font-style: inherit; font-weight: inherit; margin: 0px; max-width: 100%; outline: 0px; padding: 0px; vertical-align: baseline;\">\n<div data-track-category=\"Link no Texto\" data-track-links=\"\" style=\"border: 0px; font-style: inherit; font-weight: inherit; margin-bottom: 1.5em; max-width: 100%; outline: 0px; padding: 0px; text-align: justify; vertical-align: baseline;\">\nO Datafolha tamb\u00e9m realizou o levantamento da disputa pelo&nbsp;<a href=\"https:\/\/g1.globo.com\/pe\/pernambuco\/eleicoes\/2018\/noticia\/2018\/10\/04\/pesquisa-datafolha-em-pernambuco-paulo-camara-42-armando-monteiro-28.ghtml\" style=\"border: 0px; font-style: inherit; font-weight: inherit; margin: 0px; max-width: 100%; outline: 0px; padding: 0px; text-decoration-line: none; vertical-align: baseline;\">governo do estado de Pernambuco<\/a>.&nbsp;<\/div>\n<\/div>\n<\/div>\n<p><\/p>\n<div style=\"background-color: white; border: 0px; float: none; margin: 10px 0px; outline: 0px; padding: 0px; text-align: center; vertical-align: baseline;\">\n<a href=\"http:\/\/blogdomarioflavio.com.br\/vs1\/\" style=\"border: 0px; font-style: inherit; font-weight: inherit; margin: 0px; outline: 0px; padding: 0px; vertical-align: baseline;\" target=\"_blank\"><\/a><\/div>\n<p><\/p>\n<div data-track-action=\"ultimo chunk conteudo\" data-track-category=\"fim do conteudo\" data-track-noninteraction=\"false\" data-track-scroll=\"entrada completa viewport\" style=\"-webkit-tap-highlight-color: rgba(26, 26, 26, 0.3); -webkit-text-stroke-width: 0px; background-color: white; border: 0px; caret-color: rgb(27, 27, 27); font-style: normal; font-variant-caps: normal; font-variant-ligatures: normal; font-weight: normal; letter-spacing: normal; margin: 0px; max-width: 100%; orphans: 2; outline: 0px; padding: 0px; text-align: start; text-decoration: none; text-indent: 0px; text-size-adjust: none; text-transform: none; vertical-align: baseline; white-space: normal; widows: 2; word-spacing: 0px;\">\n<div data-block-id=\"5\" data-block-type=\"raw\" data-block-weight=\"77\" style=\"border: 0px; font-style: inherit; font-weight: inherit; margin: 0px; max-width: 100%; outline: 0px; padding: 0px; vertical-align: baseline;\">\n<ul style=\"border: 0px; font-style: inherit; font-weight: inherit; list-style: disc; margin: 0px 0px 1.5em 2em; max-width: 100%; outline: 0px; padding: 0px; vertical-align: baseline;\">\n<li style=\"border: 0px; font-style: inherit; font-weight: inherit; margin: 0px; max-width: 100%; outline: 0px; padding: 0px; text-align: justify; vertical-align: baseline;\">Margem de erro: 3 pontos percentuais para mais ou para menos<\/li>\n<li style=\"border: 0px; font-style: inherit; font-weight: inherit; margin: 0px; max-width: 100%; outline: 0px; padding: 0px; text-align: justify; vertical-align: baseline;\">Quem foi ouvido: 1.482 eleitores em 59 munic\u00edpios, com 16 anos ou mais<\/li>\n<li style=\"border: 0px; font-style: inherit; font-weight: inherit; margin: 0px; max-width: 100%; outline: 0px; padding: 0px; text-align: justify; vertical-align: baseline;\">Quando a pesquisa foi feita: 3 e 4 de outubro<\/li>\n<li style=\"border: 0px; font-style: inherit; font-weight: inherit; margin: 0px; max-width: 100%; outline: 0px; padding: 0px; text-align: justify; vertical-align: baseline;\">Registro no TSE: PE-05100\/2018<\/li>\n<li style=\"border: 0px; font-style: inherit; font-weight: inherit; margin: 0px; max-width: 100%; outline: 0px; padding: 0px; text-align: justify; vertical-align: baseline;\">Contratantes da pesquisa: TV Globo e Folha de S.Paulo<\/li>\n<li style=\"border: 0px; font-style: inherit; font-weight: inherit; margin: 0px; max-width: 100%; outline: 0px; padding: 0px; text-align: justify; vertical-align: baseline;\">O n\u00edvel de confian\u00e7a utilizado \u00e9 de 95%. Isso quer dizer que h\u00e1 uma probabilidade de 95% de os resultados retratarem o atual momento eleitoral, considerando a margem de erro.<\/li>\n<\/ul>\n<\/div>\n<\/div>\n","protected":false},"excerpt":{"rendered":"<p>Do G1 PE Pesquisa Datafolha divulgada nesta quinta-feira (4) aponta os seguintes percentuais de inten\u00e7\u00e3o de voto para o Senado&hellip;<\/p>\n","protected":false},"author":1,"featured_media":0,"comment_status":"open","ping_status":"open","sticky":false,"template":"","format":"standard","meta":{"footnotes":""},"categories":[1],"tags":[2,1059,1060,1061,20],"class_list":["post-1108","post","type-post","status-publish","format-standard","hentry","category-sem-categoria","tag-blog-do-edvaldo-magalhaes","tag-humberto-em-segundo","tag-mendonca-em-terceiro","tag-pesquisa-datafolha-para-o-senado-em-pernambuco-jarbas-lidera","tag-politica"],"_links":{"self":[{"href":"https:\/\/blogdoedvaldomagalhaes.com.br\/index.php\/wp-json\/wp\/v2\/posts\/1108","targetHints":{"allow":["GET"]}}],"collection":[{"href":"https:\/\/blogdoedvaldomagalhaes.com.br\/index.php\/wp-json\/wp\/v2\/posts"}],"about":[{"href":"https:\/\/blogdoedvaldomagalhaes.com.br\/index.php\/wp-json\/wp\/v2\/types\/post"}],"author":[{"embeddable":true,"href":"https:\/\/blogdoedvaldomagalhaes.com.br\/index.php\/wp-json\/wp\/v2\/users\/1"}],"replies":[{"embeddable":true,"href":"https:\/\/blogdoedvaldomagalhaes.com.br\/index.php\/wp-json\/wp\/v2\/comments?post=1108"}],"version-history":[{"count":1,"href":"https:\/\/blogdoedvaldomagalhaes.com.br\/index.php\/wp-json\/wp\/v2\/posts\/1108\/revisions"}],"predecessor-version":[{"id":34643,"href":"https:\/\/blogdoedvaldomagalhaes.com.br\/index.php\/wp-json\/wp\/v2\/posts\/1108\/revisions\/34643"}],"wp:attachment":[{"href":"https:\/\/blogdoedvaldomagalhaes.com.br\/index.php\/wp-json\/wp\/v2\/media?parent=1108"}],"wp:term":[{"taxonomy":"category","embeddable":true,"href":"https:\/\/blogdoedvaldomagalhaes.com.br\/index.php\/wp-json\/wp\/v2\/categories?post=1108"},{"taxonomy":"post_tag","embeddable":true,"href":"https:\/\/blogdoedvaldomagalhaes.com.br\/index.php\/wp-json\/wp\/v2\/tags?post=1108"}],"curies":[{"name":"wp","href":"https:\/\/api.w.org\/{rel}","templated":true}]}}