{"id":110642,"date":"2024-07-20T11:10:18","date_gmt":"2024-07-20T14:10:18","guid":{"rendered":"https:\/\/blogdoedvaldomagalhaes.com.br\/?p=110642"},"modified":"2024-07-20T11:10:19","modified_gmt":"2024-07-20T14:10:19","slug":"oab-caruaru-participa-de-6o-colegio-de-presidentes-da-oab-pe","status":"publish","type":"post","link":"https:\/\/blogdoedvaldomagalhaes.com.br\/index.php\/2024\/07\/20\/oab-caruaru-participa-de-6o-colegio-de-presidentes-da-oab-pe\/","title":{"rendered":"OAB Caruaru participa de 6\u00ba Col\u00e9gio de Presidentes da OAB-PE"},"content":{"rendered":"<p>O presidente da OAB Caruaru, Fernando J\u00fanior, e a secret\u00e1ria-geral adjunta, Deyse Vicente, estiveram presentes no 6\u00ba Col\u00e9gio de Presidentes da OAB Pernambuco, realizado nessa quinta-feira (18), na sede da seccional, em Recife. <\/p>\n<p>O Col\u00e9gio reuniu presidentes e representantes das 29 subsec\u00e7\u00f5es do Estado, com a presen\u00e7a da diretoria da OAB-PE, conselheiros federais e estaduais, representantes da Caixa de Assist\u00eancia dos Advogados (CAAPE) e Escola Superior de Advocacia (ESA). <\/p>\n<p>Na oportunidade, o presidente Fernando J\u00fanior apresentou os pleitos da advocacia da regi\u00e3o e todas as dificuldades que a classe enfrenta no acesso ao Judici\u00e1rio Estadual com as diretorias C\u00edvel, Criminal e de Fam\u00edlia, al\u00e9m da morosidade processual, dificuldades de comunica\u00e7\u00e3o com os servidores, entre outros. Foto: Divulga\u00e7\u00e3o<br \/>\nSeja seguidor do Instagram do Blog @blogdoedvaldomagalhaes<\/p>\n","protected":false},"excerpt":{"rendered":"<p>O presidente da OAB Caruaru, Fernando J\u00fanior, e a secret\u00e1ria-geral adjunta, Deyse Vicente, estiveram presentes no 6\u00ba Col\u00e9gio de Presidentes&hellip;<\/p>\n","protected":false},"author":1,"featured_media":110643,"comment_status":"closed","ping_status":"open","sticky":false,"template":"","format":"standard","meta":{"footnotes":""},"categories":[14120],"tags":[28803,27410,2,28801,31128,20],"class_list":["post-110642","post","type-post","status-publish","format-standard","has-post-thumbnail","hentry","category-noticias","tag-blog-com-mais-visualizacoes","tag-blog-de-caruaru","tag-blog-do-edvaldo-magalhaes","tag-blog-mais-acessado","tag-oab-caruaru-participa-de-6o-colegio-de-presidentes-da-oab-pe","tag-politica"],"_links":{"self":[{"href":"https:\/\/blogdoedvaldomagalhaes.com.br\/index.php\/wp-json\/wp\/v2\/posts\/110642","targetHints":{"allow":["GET"]}}],"collection":[{"href":"https:\/\/blogdoedvaldomagalhaes.com.br\/index.php\/wp-json\/wp\/v2\/posts"}],"about":[{"href":"https:\/\/blogdoedvaldomagalhaes.com.br\/index.php\/wp-json\/wp\/v2\/types\/post"}],"author":[{"embeddable":true,"href":"https:\/\/blogdoedvaldomagalhaes.com.br\/index.php\/wp-json\/wp\/v2\/users\/1"}],"replies":[{"embeddable":true,"href":"https:\/\/blogdoedvaldomagalhaes.com.br\/index.php\/wp-json\/wp\/v2\/comments?post=110642"}],"version-history":[{"count":1,"href":"https:\/\/blogdoedvaldomagalhaes.com.br\/index.php\/wp-json\/wp\/v2\/posts\/110642\/revisions"}],"predecessor-version":[{"id":110644,"href":"https:\/\/blogdoedvaldomagalhaes.com.br\/index.php\/wp-json\/wp\/v2\/posts\/110642\/revisions\/110644"}],"wp:featuredmedia":[{"embeddable":true,"href":"https:\/\/blogdoedvaldomagalhaes.com.br\/index.php\/wp-json\/wp\/v2\/media\/110643"}],"wp:attachment":[{"href":"https:\/\/blogdoedvaldomagalhaes.com.br\/index.php\/wp-json\/wp\/v2\/media?parent=110642"}],"wp:term":[{"taxonomy":"category","embeddable":true,"href":"https:\/\/blogdoedvaldomagalhaes.com.br\/index.php\/wp-json\/wp\/v2\/categories?post=110642"},{"taxonomy":"post_tag","embeddable":true,"href":"https:\/\/blogdoedvaldomagalhaes.com.br\/index.php\/wp-json\/wp\/v2\/tags?post=110642"}],"curies":[{"name":"wp","href":"https:\/\/api.w.org\/{rel}","templated":true}]}}