{"id":110639,"date":"2024-07-19T22:02:10","date_gmt":"2024-07-20T01:02:10","guid":{"rendered":"https:\/\/blogdoedvaldomagalhaes.com.br\/?p=110639"},"modified":"2024-07-19T22:02:11","modified_gmt":"2024-07-20T01:02:11","slug":"governo-muda-comando-do-corpo-de-bombeiros-militar-de-pernambuco","status":"publish","type":"post","link":"https:\/\/blogdoedvaldomagalhaes.com.br\/index.php\/2024\/07\/19\/governo-muda-comando-do-corpo-de-bombeiros-militar-de-pernambuco\/","title":{"rendered":"Governo muda comando do Corpo de Bombeiros Militar de Pernambuco"},"content":{"rendered":"<p>O Governo de Pernambuco anunciou, nesta sexta-feira (19), mudan\u00e7a no comando do Corpo de Bombeiros Militar de Pernambuco. O coronel BM Francisco de Assis Cantarelli Alves assume o comando-geral da corpora\u00e7\u00e3o, cargo que vinha sendo ocupado pelo Coronel BM Luciano Fonseca. A mudan\u00e7a ser\u00e1 publicada no Di\u00e1rio Oficial deste s\u00e1bado (20).<\/p>\n<p>\u201cAgrade\u00e7o ao coronel Luciano pelos servi\u00e7os prestados \u00e0 corpora\u00e7\u00e3o e ao povo de Pernambuco durante um ano e meio. O coronel Francisco d\u00e1 continuidade \u00e0 miss\u00e3o de trabalhar para o fortalecimento do Corpo de Bombeiros Militar de Pernambuco\u201d, afirmou a governadora Raquel Lyra.<\/p>\n<p>O novo comandante-geral do Corpo de Bombeiros Militar de Pernambuco possui gradua\u00e7\u00e3o no Curso de Forma\u00e7\u00e3o de Oficiais Bombeiros Militar pela Academia de Pol\u00edcia Militar do Paudalho (1996), al\u00e9m de gradua\u00e7\u00e3o em Direito pela Universidade Salgado de Oliveira (2013), curso de P\u00f3s-Gradua\u00e7\u00e3o em Planejamento Estrat\u00e9gico pela Faculdade Maur\u00edcio de Nassau (2016) e Curso Superior de Bombeiros\/ CBMPE (2016).<br \/>\nFoto: Divulga\u00e7\u00e3o<br \/>\nSeja seguidor do Instagram do Blog @blogdoedvaldomagalhaes<\/p>\n","protected":false},"excerpt":{"rendered":"<p>O Governo de Pernambuco anunciou, nesta sexta-feira (19), mudan\u00e7a no comando do Corpo de Bombeiros Militar de Pernambuco. O coronel&hellip;<\/p>\n","protected":false},"author":1,"featured_media":110640,"comment_status":"closed","ping_status":"open","sticky":false,"template":"","format":"standard","meta":{"footnotes":""},"categories":[14120],"tags":[28803,27410,2,28801,31127],"class_list":["post-110639","post","type-post","status-publish","format-standard","has-post-thumbnail","hentry","category-noticias","tag-blog-com-mais-visualizacoes","tag-blog-de-caruaru","tag-blog-do-edvaldo-magalhaes","tag-blog-mais-acessado","tag-governo-muda-comando-do-corpo-de-bombeiros-militar-de-pernambuco"],"_links":{"self":[{"href":"https:\/\/blogdoedvaldomagalhaes.com.br\/index.php\/wp-json\/wp\/v2\/posts\/110639","targetHints":{"allow":["GET"]}}],"collection":[{"href":"https:\/\/blogdoedvaldomagalhaes.com.br\/index.php\/wp-json\/wp\/v2\/posts"}],"about":[{"href":"https:\/\/blogdoedvaldomagalhaes.com.br\/index.php\/wp-json\/wp\/v2\/types\/post"}],"author":[{"embeddable":true,"href":"https:\/\/blogdoedvaldomagalhaes.com.br\/index.php\/wp-json\/wp\/v2\/users\/1"}],"replies":[{"embeddable":true,"href":"https:\/\/blogdoedvaldomagalhaes.com.br\/index.php\/wp-json\/wp\/v2\/comments?post=110639"}],"version-history":[{"count":1,"href":"https:\/\/blogdoedvaldomagalhaes.com.br\/index.php\/wp-json\/wp\/v2\/posts\/110639\/revisions"}],"predecessor-version":[{"id":110641,"href":"https:\/\/blogdoedvaldomagalhaes.com.br\/index.php\/wp-json\/wp\/v2\/posts\/110639\/revisions\/110641"}],"wp:featuredmedia":[{"embeddable":true,"href":"https:\/\/blogdoedvaldomagalhaes.com.br\/index.php\/wp-json\/wp\/v2\/media\/110640"}],"wp:attachment":[{"href":"https:\/\/blogdoedvaldomagalhaes.com.br\/index.php\/wp-json\/wp\/v2\/media?parent=110639"}],"wp:term":[{"taxonomy":"category","embeddable":true,"href":"https:\/\/blogdoedvaldomagalhaes.com.br\/index.php\/wp-json\/wp\/v2\/categories?post=110639"},{"taxonomy":"post_tag","embeddable":true,"href":"https:\/\/blogdoedvaldomagalhaes.com.br\/index.php\/wp-json\/wp\/v2\/tags?post=110639"}],"curies":[{"name":"wp","href":"https:\/\/api.w.org\/{rel}","templated":true}]}}