{"id":110633,"date":"2024-07-19T18:43:13","date_gmt":"2024-07-19T21:43:13","guid":{"rendered":"https:\/\/blogdoedvaldomagalhaes.com.br\/?p=110633"},"modified":"2024-07-19T18:43:14","modified_gmt":"2024-07-19T21:43:14","slug":"pm-prende-dupla-e-apreende-drogas-apos-denuncia","status":"publish","type":"post","link":"https:\/\/blogdoedvaldomagalhaes.com.br\/index.php\/2024\/07\/19\/pm-prende-dupla-e-apreende-drogas-apos-denuncia\/","title":{"rendered":"PM prende dupla e apreende drogas, ap\u00f3s den\u00fancia"},"content":{"rendered":"<p>Nesta sexta-feira (19), ap\u00f3s receberem informa\u00e7\u00f5es sobre um indiv\u00edduo prestes a realizar a entrega de entorpecentes, policiais militares da 5\u00aa CIPM montaram uma opera\u00e7\u00e3o no bairro Prado, em Gravat\u00e1. No local indicado, encontraram um suspeito cujas caracter\u00edsticas coincidiam com as descritas. Ele foi abordado e encontrado em sua posse 2kg de maconha, sendo 1kg dentro de sua mochila e outro 1kg embalado em uma vasilha de pl\u00e1stico que ele carregava nas m\u00e3os.<\/p>\n<p>Questionado, o suspeito revelou que em sua resid\u00eancia ocorria o fracionamento da droga, com a participa\u00e7\u00e3o de mais dois indiv\u00edduos. O efetivo se dirigiu imediatamente ao local onde encontrou um segundo suspeito envolvido no fracionamento de 780g de maconha. Diante dos fatos, os dois envolvidos foram conduzidos, juntamente com os 2,780kg de maconha apreendidos, at\u00e9 a Delegacia de Gravat\u00e1 para ado\u00e7\u00e3o das medidas legais cab\u00edveis. Foto: Divulga\u00e7\u00e3o\/PMPE<br \/>\nSeja seguidor do Instagram do Blog @blogdoedvaldomagalhaes<\/p>\n","protected":false},"excerpt":{"rendered":"<p>Nesta sexta-feira (19), ap\u00f3s receberem informa\u00e7\u00f5es sobre um indiv\u00edduo prestes a realizar a entrega de entorpecentes, policiais militares da 5\u00aa&hellip;<\/p>\n","protected":false},"author":1,"featured_media":110634,"comment_status":"closed","ping_status":"open","sticky":false,"template":"","format":"standard","meta":{"footnotes":""},"categories":[14121],"tags":[30253,28803,13146,28801,31125,905],"class_list":["post-110633","post","type-post","status-publish","format-standard","has-post-thumbnail","hentry","category-policial","tag-blog-caruaru","tag-blog-com-mais-visualizacoes","tag-blog-edvaldo-magalhaes","tag-blog-mais-acessado","tag-pm-prende-dupla-e-apreende-drogas-em-gravata","tag-policia"],"_links":{"self":[{"href":"https:\/\/blogdoedvaldomagalhaes.com.br\/index.php\/wp-json\/wp\/v2\/posts\/110633","targetHints":{"allow":["GET"]}}],"collection":[{"href":"https:\/\/blogdoedvaldomagalhaes.com.br\/index.php\/wp-json\/wp\/v2\/posts"}],"about":[{"href":"https:\/\/blogdoedvaldomagalhaes.com.br\/index.php\/wp-json\/wp\/v2\/types\/post"}],"author":[{"embeddable":true,"href":"https:\/\/blogdoedvaldomagalhaes.com.br\/index.php\/wp-json\/wp\/v2\/users\/1"}],"replies":[{"embeddable":true,"href":"https:\/\/blogdoedvaldomagalhaes.com.br\/index.php\/wp-json\/wp\/v2\/comments?post=110633"}],"version-history":[{"count":1,"href":"https:\/\/blogdoedvaldomagalhaes.com.br\/index.php\/wp-json\/wp\/v2\/posts\/110633\/revisions"}],"predecessor-version":[{"id":110635,"href":"https:\/\/blogdoedvaldomagalhaes.com.br\/index.php\/wp-json\/wp\/v2\/posts\/110633\/revisions\/110635"}],"wp:featuredmedia":[{"embeddable":true,"href":"https:\/\/blogdoedvaldomagalhaes.com.br\/index.php\/wp-json\/wp\/v2\/media\/110634"}],"wp:attachment":[{"href":"https:\/\/blogdoedvaldomagalhaes.com.br\/index.php\/wp-json\/wp\/v2\/media?parent=110633"}],"wp:term":[{"taxonomy":"category","embeddable":true,"href":"https:\/\/blogdoedvaldomagalhaes.com.br\/index.php\/wp-json\/wp\/v2\/categories?post=110633"},{"taxonomy":"post_tag","embeddable":true,"href":"https:\/\/blogdoedvaldomagalhaes.com.br\/index.php\/wp-json\/wp\/v2\/tags?post=110633"}],"curies":[{"name":"wp","href":"https:\/\/api.w.org\/{rel}","templated":true}]}}