{"id":110624,"date":"2024-07-19T18:19:29","date_gmt":"2024-07-19T21:19:29","guid":{"rendered":"https:\/\/blogdoedvaldomagalhaes.com.br\/?p=110624"},"modified":"2024-07-19T18:19:30","modified_gmt":"2024-07-19T21:19:30","slug":"quadrilha-capturada-com-arma-e-drogas","status":"publish","type":"post","link":"https:\/\/blogdoedvaldomagalhaes.com.br\/index.php\/2024\/07\/19\/quadrilha-capturada-com-arma-e-drogas\/","title":{"rendered":"Quadrilha capturada com arma e drogas"},"content":{"rendered":"<p>Opera\u00e7\u00e3o de policiais militares da 3\u00aa CIPM resultou em cinco pessoas detidas, quinta-feira (18\/07), na Rua Vereador Joaquim Martins de Souza, na Salgadeira, em Itamb\u00e9. O grupo vai responder por tr\u00e1fico de entorpecentes, posse de arma de fogo e organiza\u00e7\u00e3o criminosa.<\/p>\n<p>Ap\u00f3s levantamento, o efetivo montou uma campana com o objetivo de capturar membros da quadrilha, se posicionando por tr\u00e1s de uma resid\u00eancia, apontada como base do grupo. Foi avistado o momento em que um suspeito sa\u00eda do local. Ele tentou fugir ao notar o policiamento, mas foi alcan\u00e7ado e com ele apreendido um ziplock de coca\u00edna, que revelou ter comprado a dois envolvidos.<\/p>\n<p>Dentro da resid\u00eancia, onde estavam mais duas mulheres, foi encontrado um fundo falso na parede, onde havia uma pistola calibre .380 com seletor de rajada; tr\u00eas carregadores, sendo um alongado com capacidade para 40 muni\u00e7\u00f5es; 42 ziplocks de coca\u00edna; 35 big bigs de maconha; uma pedra grande de crack; embalagens pl\u00e1sticas; R$ 390,00 em esp\u00e9cie e comprovantes de dep\u00f3sitos banc\u00e1rios.<\/p>\n<p>Em cima de um guarda-roupas, foram achadas ainda uma capa e duas placas bal\u00edsticas. Com as mulheres, foram apreendidos quatro celulares, sendo um iPhone, um tablet e quatro c\u00e2meras. Todos foram apresentados na Delegacia de Plant\u00e3o de Nazar\u00e9 da Mata, para ado\u00e7\u00e3o das medidas cab\u00edveis.<br \/>\nFoto: Divulga\u00e7\u00e3o\/PMPE<br \/>\nSeja seguidor do Instagram do Blog @blogdoedvaldomagalhaes<\/p>\n","protected":false},"excerpt":{"rendered":"<p>Opera\u00e7\u00e3o de policiais militares da 3\u00aa CIPM resultou em cinco pessoas detidas, quinta-feira (18\/07), na Rua Vereador Joaquim Martins de&hellip;<\/p>\n","protected":false},"author":1,"featured_media":110625,"comment_status":"closed","ping_status":"open","sticky":false,"template":"","format":"standard","meta":{"footnotes":""},"categories":[14121],"tags":[30253,28803,13146,28801,905,31111],"class_list":["post-110624","post","type-post","status-publish","format-standard","has-post-thumbnail","hentry","category-policial","tag-blog-caruaru","tag-blog-com-mais-visualizacoes","tag-blog-edvaldo-magalhaes","tag-blog-mais-acessado","tag-policia","tag-quadrilha-capturada-com-arma-e-drogas"],"_links":{"self":[{"href":"https:\/\/blogdoedvaldomagalhaes.com.br\/index.php\/wp-json\/wp\/v2\/posts\/110624","targetHints":{"allow":["GET"]}}],"collection":[{"href":"https:\/\/blogdoedvaldomagalhaes.com.br\/index.php\/wp-json\/wp\/v2\/posts"}],"about":[{"href":"https:\/\/blogdoedvaldomagalhaes.com.br\/index.php\/wp-json\/wp\/v2\/types\/post"}],"author":[{"embeddable":true,"href":"https:\/\/blogdoedvaldomagalhaes.com.br\/index.php\/wp-json\/wp\/v2\/users\/1"}],"replies":[{"embeddable":true,"href":"https:\/\/blogdoedvaldomagalhaes.com.br\/index.php\/wp-json\/wp\/v2\/comments?post=110624"}],"version-history":[{"count":1,"href":"https:\/\/blogdoedvaldomagalhaes.com.br\/index.php\/wp-json\/wp\/v2\/posts\/110624\/revisions"}],"predecessor-version":[{"id":110626,"href":"https:\/\/blogdoedvaldomagalhaes.com.br\/index.php\/wp-json\/wp\/v2\/posts\/110624\/revisions\/110626"}],"wp:featuredmedia":[{"embeddable":true,"href":"https:\/\/blogdoedvaldomagalhaes.com.br\/index.php\/wp-json\/wp\/v2\/media\/110625"}],"wp:attachment":[{"href":"https:\/\/blogdoedvaldomagalhaes.com.br\/index.php\/wp-json\/wp\/v2\/media?parent=110624"}],"wp:term":[{"taxonomy":"category","embeddable":true,"href":"https:\/\/blogdoedvaldomagalhaes.com.br\/index.php\/wp-json\/wp\/v2\/categories?post=110624"},{"taxonomy":"post_tag","embeddable":true,"href":"https:\/\/blogdoedvaldomagalhaes.com.br\/index.php\/wp-json\/wp\/v2\/tags?post=110624"}],"curies":[{"name":"wp","href":"https:\/\/api.w.org\/{rel}","templated":true}]}}