{"id":110621,"date":"2024-07-19T18:11:36","date_gmt":"2024-07-19T21:11:36","guid":{"rendered":"https:\/\/blogdoedvaldomagalhaes.com.br\/?p=110621"},"modified":"2024-07-19T18:11:37","modified_gmt":"2024-07-19T21:11:37","slug":"idoso-desaparece-no-dia-do-aniversario-e-e-localizado-apos-3-dias-pela-prf-na-br-232","status":"publish","type":"post","link":"https:\/\/blogdoedvaldomagalhaes.com.br\/index.php\/2024\/07\/19\/idoso-desaparece-no-dia-do-aniversario-e-e-localizado-apos-3-dias-pela-prf-na-br-232\/","title":{"rendered":"Idoso desaparece no dia do anivers\u00e1rio e \u00e9 localizado ap\u00f3s 3 dias pela PRF na BR 232"},"content":{"rendered":"<p>Um idoso, de 68 anos, que estava desaparecido h\u00e1 3 dias foi localizado pela Pol\u00edcia Rodovi\u00e1ria Federal (PRF), na quinta-feira(18), na BR 232, em Sert\u00e2nia, no Sert\u00e3o pernambucano. O motorista apresentava sinais de desorienta\u00e7\u00e3o e havia desaparecido no dia do anivers\u00e1rio dele.<\/p>\n<p>Policiais realizavam uma fiscaliza\u00e7\u00e3o no posto da PRF de Cruzeiro do Nordeste, quando um motorista chegou ao local. Ele estava tremendo e relatou que estava desesperado, tentando retornar para Pesqueira.<\/p>\n<p>Em consulta, a equipe descobriu que havia um registro sobre o desaparecimento do idoso no Sinal, um sistema da PRF que ajuda a localizar pessoas desaparecidas. A equipe entrou em contato com a fam\u00edlia e ofereceu \u00e1gua e alimenta\u00e7\u00e3o ao motorista.<\/p>\n<p>Pouco tempo depois, os familiares foram ao encontro do idoso e retornaram com ele para casa. Foto: Divulga\u00e7\u00e3o\/PRF<br \/>\nSeja seguidor do Instagram do Blog @blogdoedvaldomagalhaes<\/p>\n","protected":false},"excerpt":{"rendered":"<p>Um idoso, de 68 anos, que estava desaparecido h\u00e1 3 dias foi localizado pela Pol\u00edcia Rodovi\u00e1ria Federal (PRF), na quinta-feira(18),&hellip;<\/p>\n","protected":false},"author":1,"featured_media":110622,"comment_status":"closed","ping_status":"open","sticky":false,"template":"","format":"standard","meta":{"footnotes":""},"categories":[14120],"tags":[28803,27410,2,28801,31110],"class_list":["post-110621","post","type-post","status-publish","format-standard","has-post-thumbnail","hentry","category-noticias","tag-blog-com-mais-visualizacoes","tag-blog-de-caruaru","tag-blog-do-edvaldo-magalhaes","tag-blog-mais-acessado","tag-idoso-desaparece-no-dia-do-aniversario-e-e-localizado-apos-3-dias-pela-prf-em-sertania"],"_links":{"self":[{"href":"https:\/\/blogdoedvaldomagalhaes.com.br\/index.php\/wp-json\/wp\/v2\/posts\/110621","targetHints":{"allow":["GET"]}}],"collection":[{"href":"https:\/\/blogdoedvaldomagalhaes.com.br\/index.php\/wp-json\/wp\/v2\/posts"}],"about":[{"href":"https:\/\/blogdoedvaldomagalhaes.com.br\/index.php\/wp-json\/wp\/v2\/types\/post"}],"author":[{"embeddable":true,"href":"https:\/\/blogdoedvaldomagalhaes.com.br\/index.php\/wp-json\/wp\/v2\/users\/1"}],"replies":[{"embeddable":true,"href":"https:\/\/blogdoedvaldomagalhaes.com.br\/index.php\/wp-json\/wp\/v2\/comments?post=110621"}],"version-history":[{"count":1,"href":"https:\/\/blogdoedvaldomagalhaes.com.br\/index.php\/wp-json\/wp\/v2\/posts\/110621\/revisions"}],"predecessor-version":[{"id":110623,"href":"https:\/\/blogdoedvaldomagalhaes.com.br\/index.php\/wp-json\/wp\/v2\/posts\/110621\/revisions\/110623"}],"wp:featuredmedia":[{"embeddable":true,"href":"https:\/\/blogdoedvaldomagalhaes.com.br\/index.php\/wp-json\/wp\/v2\/media\/110622"}],"wp:attachment":[{"href":"https:\/\/blogdoedvaldomagalhaes.com.br\/index.php\/wp-json\/wp\/v2\/media?parent=110621"}],"wp:term":[{"taxonomy":"category","embeddable":true,"href":"https:\/\/blogdoedvaldomagalhaes.com.br\/index.php\/wp-json\/wp\/v2\/categories?post=110621"},{"taxonomy":"post_tag","embeddable":true,"href":"https:\/\/blogdoedvaldomagalhaes.com.br\/index.php\/wp-json\/wp\/v2\/tags?post=110621"}],"curies":[{"name":"wp","href":"https:\/\/api.w.org\/{rel}","templated":true}]}}