{"id":110615,"date":"2024-07-19T12:41:44","date_gmt":"2024-07-19T15:41:44","guid":{"rendered":"https:\/\/blogdoedvaldomagalhaes.com.br\/?p=110615"},"modified":"2024-07-19T12:53:47","modified_gmt":"2024-07-19T15:53:47","slug":"pm-resgata-em-ambiente-domestico-jiboia-jacare-e-guandu","status":"publish","type":"post","link":"https:\/\/blogdoedvaldomagalhaes.com.br\/index.php\/2024\/07\/19\/pm-resgata-em-ambiente-domestico-jiboia-jacare-e-guandu\/","title":{"rendered":"PM resgata em ambiente dom\u00e9stico: jib\u00f3ia, jacar\u00e9 e guandu"},"content":{"rendered":"<p>Em mais uma noite de muitas ocorr\u00eancias, nas quais foi necess\u00e1ria a interven\u00e7\u00e3o da PM para evitar maus tratos a animais silvestres ou mesmo problemas para moradores, policiais militares da Cipoma realizaram novos resgates, na quinta-feira (18\/07), no Recife e em sua Regi\u00e3o Metropolitana, com destaque para tr\u00eas situa\u00e7\u00f5es.<\/p>\n<p>Em Igarassu, o efetivo foi chamado por uma moradora para recolher um guandu, na Rua Bet\u00e2nia Jos\u00e9 de Carvalho. Em Paulista, na Rua Cabo Verde, foi a vez de uma jiboia, e, na Rua Jos\u00e9 de Holanda, no Conjunto Habitacional da Torre, no Recife, o resgate foi de um jacar\u00e9.<\/p>\n<p>Em todos os casos, os animais foram encaminhados para o Centro de Triagem e Reabilita\u00e7\u00e3o de Animais Silvestres (Cetras-Tangar\u00e1), onde ficar\u00e3o sob os cuidados da equipe t\u00e9cnica at\u00e9 que estejam prontos para serem reintegrados ao ambiente natural.<br \/>\nFotos: Divulga\u00e7\u00e3o\/PMPE<br \/>\nSeja seguidor do Instagram do Blog @blogdoedvaldomagalhaes<\/p>\n<p><img loading=\"lazy\" decoding=\"async\" src=\"https:\/\/blogdoedvaldomagalhaes.com.br\/wp-content\/uploads\/2024\/07\/img-20240719-wa007226095029808029735413.jpg\" class=\"alignnone size-full wp-image-110618\" width=\"843\" height=\"893\" srcset=\"https:\/\/blogdoedvaldomagalhaes.com.br\/wp-content\/uploads\/2024\/07\/img-20240719-wa007226095029808029735413.jpg 843w, https:\/\/blogdoedvaldomagalhaes.com.br\/wp-content\/uploads\/2024\/07\/img-20240719-wa007226095029808029735413-283x300.jpg 283w, https:\/\/blogdoedvaldomagalhaes.com.br\/wp-content\/uploads\/2024\/07\/img-20240719-wa007226095029808029735413-768x814.jpg 768w\" sizes=\"auto, (max-width: 843px) 100vw, 843px\" \/><\/p>\n<p><img loading=\"lazy\" decoding=\"async\" src=\"https:\/\/blogdoedvaldomagalhaes.com.br\/wp-content\/uploads\/2024\/07\/img-20240719-wa007429106253197929565407.jpg\" class=\"wp-image-110619 alignnone size-full\" width=\"795\" height=\"679\" srcset=\"https:\/\/blogdoedvaldomagalhaes.com.br\/wp-content\/uploads\/2024\/07\/img-20240719-wa007429106253197929565407.jpg 795w, https:\/\/blogdoedvaldomagalhaes.com.br\/wp-content\/uploads\/2024\/07\/img-20240719-wa007429106253197929565407-300x256.jpg 300w, https:\/\/blogdoedvaldomagalhaes.com.br\/wp-content\/uploads\/2024\/07\/img-20240719-wa007429106253197929565407-768x656.jpg 768w\" sizes=\"auto, (max-width: 795px) 100vw, 795px\" \/><\/p>\n","protected":false},"excerpt":{"rendered":"<p>Em mais uma noite de muitas ocorr\u00eancias, nas quais foi necess\u00e1ria a interven\u00e7\u00e3o da PM para evitar maus tratos a&hellip;<\/p>\n","protected":false},"author":1,"featured_media":110616,"comment_status":"closed","ping_status":"open","sticky":false,"template":"","format":"standard","meta":{"footnotes":""},"categories":[14120],"tags":[19865,28803,27410,2,28801,31109],"class_list":["post-110615","post","type-post","status-publish","format-standard","has-post-thumbnail","hentry","category-noticias","tag-animais","tag-blog-com-mais-visualizacoes","tag-blog-de-caruaru","tag-blog-do-edvaldo-magalhaes","tag-blog-mais-acessado","tag-pm-resgata-em-ambiente-domestico-jiboia-jacare-e-guandu"],"_links":{"self":[{"href":"https:\/\/blogdoedvaldomagalhaes.com.br\/index.php\/wp-json\/wp\/v2\/posts\/110615","targetHints":{"allow":["GET"]}}],"collection":[{"href":"https:\/\/blogdoedvaldomagalhaes.com.br\/index.php\/wp-json\/wp\/v2\/posts"}],"about":[{"href":"https:\/\/blogdoedvaldomagalhaes.com.br\/index.php\/wp-json\/wp\/v2\/types\/post"}],"author":[{"embeddable":true,"href":"https:\/\/blogdoedvaldomagalhaes.com.br\/index.php\/wp-json\/wp\/v2\/users\/1"}],"replies":[{"embeddable":true,"href":"https:\/\/blogdoedvaldomagalhaes.com.br\/index.php\/wp-json\/wp\/v2\/comments?post=110615"}],"version-history":[{"count":2,"href":"https:\/\/blogdoedvaldomagalhaes.com.br\/index.php\/wp-json\/wp\/v2\/posts\/110615\/revisions"}],"predecessor-version":[{"id":110620,"href":"https:\/\/blogdoedvaldomagalhaes.com.br\/index.php\/wp-json\/wp\/v2\/posts\/110615\/revisions\/110620"}],"wp:featuredmedia":[{"embeddable":true,"href":"https:\/\/blogdoedvaldomagalhaes.com.br\/index.php\/wp-json\/wp\/v2\/media\/110616"}],"wp:attachment":[{"href":"https:\/\/blogdoedvaldomagalhaes.com.br\/index.php\/wp-json\/wp\/v2\/media?parent=110615"}],"wp:term":[{"taxonomy":"category","embeddable":true,"href":"https:\/\/blogdoedvaldomagalhaes.com.br\/index.php\/wp-json\/wp\/v2\/categories?post=110615"},{"taxonomy":"post_tag","embeddable":true,"href":"https:\/\/blogdoedvaldomagalhaes.com.br\/index.php\/wp-json\/wp\/v2\/tags?post=110615"}],"curies":[{"name":"wp","href":"https:\/\/api.w.org\/{rel}","templated":true}]}}