{"id":110612,"date":"2024-07-19T10:50:50","date_gmt":"2024-07-19T13:50:50","guid":{"rendered":"https:\/\/blogdoedvaldomagalhaes.com.br\/?p=110612"},"modified":"2024-07-19T10:50:50","modified_gmt":"2024-07-19T13:50:50","slug":"sindloja-caruaru-inicia-comemoracoes-do-aniversario-de-35-anos-confira","status":"publish","type":"post","link":"https:\/\/blogdoedvaldomagalhaes.com.br\/index.php\/2024\/07\/19\/sindloja-caruaru-inicia-comemoracoes-do-aniversario-de-35-anos-confira\/","title":{"rendered":"Sindloja Caruaru inicia comemora\u00e7\u00f5es do anivers\u00e1rio de 35 anos; Confira"},"content":{"rendered":"<p>O Sindicato dos Lojistas do Com\u00e9rcio de Caruaru (Sindloja) est\u00e1 preparando uma programa\u00e7\u00e3o especial para vivenciar a comemora\u00e7\u00e3o do anivers\u00e1rio de 35 anos da entidade. As atividades envolvem a\u00e7\u00f5es que ocorrer\u00e3o ao longo do ano, contando com eventos de cidadania, palestras, homenagens e o lan\u00e7amento do selo comemorativo. A data escolhida para o in\u00edcio das solenidades \u00e9 a pr\u00f3xima segunda-feira (22), com a Manh\u00e3 Festiva, a partir das 7h30, na sede do Sindloja, localizada na avenida Le\u00e3o Dourado, n\u00ba 51-A, bairro S\u00e3o Francisco.<\/p>\n<p>Na ocasi\u00e3o, o Sindloja receber\u00e1 a ben\u00e7\u00e3o ecum\u00eanica e far\u00e1 a inaugura\u00e7\u00e3o do painel de LED na parte externa do sindicato, um novo ponto para an\u00fancios publicit\u00e1rios na cidade. A Manh\u00e3 Festiva contar\u00e1 com a apresenta\u00e7\u00e3o do tenor pernambucano Igor Alves, corte de bolo e o lan\u00e7amento do selo comemorativo, que foi desenvolvido pelo publicit\u00e1rio Ellyson Vilanova, diretor de Marketing do Sindloja. A programa\u00e7\u00e3o encerra com um caf\u00e9 da manh\u00e3 que ser\u00e1 servido aos presentes.<\/p>\n<p>A programa\u00e7\u00e3o especial segue nos meses de agosto, setembro, outubro e novembro, com a\u00e7\u00f5es que ser\u00e3o anunciadas a cada m\u00eas. A finaliza\u00e7\u00e3o ser\u00e1 com novembro com a tradicional assembleia festiva, em que o Sindloja entregar\u00e1 a Medalha de M\u00e9rito Sindical a diversas personalidades que marcaram a hist\u00f3ria do sindicato.<\/p>\n<p>Fundado em 21 de julho de 1989, o Sindloja nasceu da necessidade de reunir a classe empresarial no interesse da rela\u00e7\u00e3o de trabalho. O sindicato \u00e9, por lei, atrav\u00e9s do seu Registro Sindical de N\u00ba 46000.005484\/2004-16 e Carta Sindical de N\u00ba 002.062.97149-0 concedidos pelo Minist\u00e9rio do Trabalho e Emprego, o representante das classes do com\u00e9rcio, bens e servi\u00e7os da cidade, como tamb\u00e9m das lojas do setor de supermercados e similares.<\/p>\n<p>Filiado \u00e0 Federa\u00e7\u00e3o do Com\u00e9rcio de Pernambuco (Fecom\u00e9rcio-PE) e \u00e0 Confedera\u00e7\u00e3o Nacional do Com\u00e9rcio (CNC), o Sindloja sempre pautou a gest\u00e3o na busca de parcerias em prol do com\u00e9rcio de Caruaru. \u00c9 dessa forma que o Sindloja representa legalmente os lojistas nas negocia\u00e7\u00f5es coletivas de trabalho, que definem a rela\u00e7\u00e3o trabalhista entre a empresa e o funcion\u00e1rio. O sindicato oferece ainda orienta\u00e7\u00e3o trabalhista, atrav\u00e9s da assessoria jur\u00eddica, cursos e capacita\u00e7\u00f5es, periodicamente, para lojistas e funcion\u00e1rios do com\u00e9rcio. Foto: Divulga\u00e7\u00e3o.<br \/>\nSeja seguidor do Instagram do Blog @blogdoedvaldomagalhaes<\/p>\n","protected":false},"excerpt":{"rendered":"<p>O Sindicato dos Lojistas do Com\u00e9rcio de Caruaru (Sindloja) est\u00e1 preparando uma programa\u00e7\u00e3o especial para vivenciar a comemora\u00e7\u00e3o do anivers\u00e1rio&hellip;<\/p>\n","protected":false},"author":1,"featured_media":110613,"comment_status":"closed","ping_status":"open","sticky":false,"template":"","format":"standard","meta":{"footnotes":""},"categories":[14120],"tags":[28803,27410,2,28801,6,31108],"class_list":["post-110612","post","type-post","status-publish","format-standard","has-post-thumbnail","hentry","category-noticias","tag-blog-com-mais-visualizacoes","tag-blog-de-caruaru","tag-blog-do-edvaldo-magalhaes","tag-blog-mais-acessado","tag-noticias","tag-sindloja-caruaru-inicia-comemoracoes-do-aniversario-de-35-anos-confira"],"_links":{"self":[{"href":"https:\/\/blogdoedvaldomagalhaes.com.br\/index.php\/wp-json\/wp\/v2\/posts\/110612","targetHints":{"allow":["GET"]}}],"collection":[{"href":"https:\/\/blogdoedvaldomagalhaes.com.br\/index.php\/wp-json\/wp\/v2\/posts"}],"about":[{"href":"https:\/\/blogdoedvaldomagalhaes.com.br\/index.php\/wp-json\/wp\/v2\/types\/post"}],"author":[{"embeddable":true,"href":"https:\/\/blogdoedvaldomagalhaes.com.br\/index.php\/wp-json\/wp\/v2\/users\/1"}],"replies":[{"embeddable":true,"href":"https:\/\/blogdoedvaldomagalhaes.com.br\/index.php\/wp-json\/wp\/v2\/comments?post=110612"}],"version-history":[{"count":1,"href":"https:\/\/blogdoedvaldomagalhaes.com.br\/index.php\/wp-json\/wp\/v2\/posts\/110612\/revisions"}],"predecessor-version":[{"id":110614,"href":"https:\/\/blogdoedvaldomagalhaes.com.br\/index.php\/wp-json\/wp\/v2\/posts\/110612\/revisions\/110614"}],"wp:featuredmedia":[{"embeddable":true,"href":"https:\/\/blogdoedvaldomagalhaes.com.br\/index.php\/wp-json\/wp\/v2\/media\/110613"}],"wp:attachment":[{"href":"https:\/\/blogdoedvaldomagalhaes.com.br\/index.php\/wp-json\/wp\/v2\/media?parent=110612"}],"wp:term":[{"taxonomy":"category","embeddable":true,"href":"https:\/\/blogdoedvaldomagalhaes.com.br\/index.php\/wp-json\/wp\/v2\/categories?post=110612"},{"taxonomy":"post_tag","embeddable":true,"href":"https:\/\/blogdoedvaldomagalhaes.com.br\/index.php\/wp-json\/wp\/v2\/tags?post=110612"}],"curies":[{"name":"wp","href":"https:\/\/api.w.org\/{rel}","templated":true}]}}