{"id":110606,"date":"2024-07-19T08:09:26","date_gmt":"2024-07-19T11:09:26","guid":{"rendered":"https:\/\/blogdoedvaldomagalhaes.com.br\/?p=110606"},"modified":"2024-07-19T08:09:28","modified_gmt":"2024-07-19T11:09:28","slug":"amor-e-informacao-no-lugar-de-odio-e-condenacao-por-jorge-quintino","status":"publish","type":"post","link":"https:\/\/blogdoedvaldomagalhaes.com.br\/index.php\/2024\/07\/19\/amor-e-informacao-no-lugar-de-odio-e-condenacao-por-jorge-quintino\/","title":{"rendered":"Amor e Informa\u00e7\u00e3o, no Lugar de \u00d3dio e Condena\u00e7\u00e3o &#8211; Por Jorge Quintino"},"content":{"rendered":"<p>Em tempos de crescente conscientiza\u00e7\u00e3o sobre o autismo, \u00e9 revoltante presenciar atitudes e discursos que n\u00e3o apenas desinformam, mas tamb\u00e9m ferem profundamente as fam\u00edlias e indiv\u00edduos que convivem com essa condi\u00e7\u00e3o. Recentemente, um pastor de uma igreja pentecostal realizou um culto no qual depreciava a causa autista, afirmando absurdamente que &#8220;Santan\u00e1s entra na barriga das mulheres gr\u00e1vidas e causa o autismo&#8221;. Este tipo de declara\u00e7\u00e3o \u00e9 um ataque direto \u00e0s mulheres, \u00e0s m\u00e3es e \u00e0s fam\u00edlias que lutam diariamente para oferecer um ambiente de amor, compreens\u00e3o e apoio aos seus filhos.<\/p>\n<p>\u00c9 essencial, primeiramente, repudiar veementemente tais declara\u00e7\u00f5es. A ci\u00eancia e a medicina j\u00e1 demonstraram claramente que o autismo \u00e9 uma condi\u00e7\u00e3o neurobiol\u00f3gica que envolve uma combina\u00e7\u00e3o de fatores gen\u00e9ticos e ambientais, e n\u00e3o h\u00e1 absolutamente nenhuma evid\u00eancia que sustente qualquer v\u00ednculo com o sobrenatural, menos ainda com uma entidade mal\u00e9fica. As palavras desse pastor s\u00e3o uma afronta \u00e0s m\u00e3es que, com muito esfor\u00e7o e dedica\u00e7\u00e3o, buscam o melhor para seus filhos. Posteriormente ele j\u00e1 veio a p\u00fablico se desculpar, o que n\u00e3o o livra de ser responsabilizado pelo estrago feito. <\/p>\n<p>Na condi\u00e7\u00e3o de vereador e defensor incans\u00e1vel dos direitos dos autistas, considero minha responsabilidade n\u00e3o apenas condenar veementemente tais falas, mas tamb\u00e9m trabalhar para que discursos assim n\u00e3o se propaguem e causem ainda mais danos. \u00c9 crucial que continuemos a educar a sociedade sobre o autismo, combater o preconceito e promover uma cultura de inclus\u00e3o e respeito. A ignor\u00e2ncia deve ser enfrentada com conhecimento e empatia, n\u00e3o com mais \u00f3dio e intoler\u00e2ncia.<\/p>\n<p>No entanto, \u00e9 importante destacar que h\u00e1, sim, pastores s\u00e9rios e comprometidos com o bem-estar e a inclus\u00e3o social. Esses l\u00edderes religiosos desempenham um papel vital em suas comunidades, promovendo mensagens de amor, aceita\u00e7\u00e3o e compreens\u00e3o. N\u00e3o podemos permitir que a atitude de um indiv\u00edduo manche a imagem de todos aqueles que, com f\u00e9 e dedica\u00e7\u00e3o, trabalham para construir um mundo melhor.<\/p>\n<p>Dizer que &#8220;Santan\u00e1s entra na barriga das mulheres gr\u00e1vidas e causa o autismo&#8221; \u00e9 um ataque n\u00e3o s\u00f3 \u00e0s mulheres, mas tamb\u00e9m a toda a comunidade autista. \u00c9 uma tentativa de desumanizar e marginalizar pessoas que merecem respeito e apoio. Como sociedade, devemos nos unir para repudiar tais discursos e proteger nossos valores de dignidade, respeito e igualdade.<\/p>\n<p>Ao propagar \u00f3dio e desinforma\u00e7\u00e3o, l\u00edderes religiosos como ele se colocam no papel de causador de sofrimento e divis\u00e3o. \u00c9 nosso dever, como cidad\u00e3os e seres humanos, lutar contra essas for\u00e7as negativas e construir um futuro onde todos sejam tratados com respeito e dignidade. Que possamos transformar nossa indigna\u00e7\u00e3o em a\u00e7\u00e3o, promovendo o amor, o conhecimento e a verdadeira inclus\u00e3o.<\/p>\n<p>Jorge Quintino, \u00e9 vereador em Caruaru.<br \/>\nFoto: Vladimir Barreto<br \/>\nSeja seguidor do Instagram do Blog @blogdoedvaldomagalhaes<\/p>\n","protected":false},"excerpt":{"rendered":"<p>Em tempos de crescente conscientiza\u00e7\u00e3o sobre o autismo, \u00e9 revoltante presenciar atitudes e discursos que n\u00e3o apenas desinformam, mas tamb\u00e9m&hellip;<\/p>\n","protected":false},"author":1,"featured_media":110607,"comment_status":"closed","ping_status":"open","sticky":false,"template":"","format":"standard","meta":{"footnotes":""},"categories":[14122],"tags":[31106,28803,27410,2,28801,20],"class_list":["post-110606","post","type-post","status-publish","format-standard","has-post-thumbnail","hentry","category-politica","tag-amor-e-informacao-no-lugar-de-odio-e-condenacao-por-jorge-quintino","tag-blog-com-mais-visualizacoes","tag-blog-de-caruaru","tag-blog-do-edvaldo-magalhaes","tag-blog-mais-acessado","tag-politica"],"_links":{"self":[{"href":"https:\/\/blogdoedvaldomagalhaes.com.br\/index.php\/wp-json\/wp\/v2\/posts\/110606","targetHints":{"allow":["GET"]}}],"collection":[{"href":"https:\/\/blogdoedvaldomagalhaes.com.br\/index.php\/wp-json\/wp\/v2\/posts"}],"about":[{"href":"https:\/\/blogdoedvaldomagalhaes.com.br\/index.php\/wp-json\/wp\/v2\/types\/post"}],"author":[{"embeddable":true,"href":"https:\/\/blogdoedvaldomagalhaes.com.br\/index.php\/wp-json\/wp\/v2\/users\/1"}],"replies":[{"embeddable":true,"href":"https:\/\/blogdoedvaldomagalhaes.com.br\/index.php\/wp-json\/wp\/v2\/comments?post=110606"}],"version-history":[{"count":1,"href":"https:\/\/blogdoedvaldomagalhaes.com.br\/index.php\/wp-json\/wp\/v2\/posts\/110606\/revisions"}],"predecessor-version":[{"id":110608,"href":"https:\/\/blogdoedvaldomagalhaes.com.br\/index.php\/wp-json\/wp\/v2\/posts\/110606\/revisions\/110608"}],"wp:featuredmedia":[{"embeddable":true,"href":"https:\/\/blogdoedvaldomagalhaes.com.br\/index.php\/wp-json\/wp\/v2\/media\/110607"}],"wp:attachment":[{"href":"https:\/\/blogdoedvaldomagalhaes.com.br\/index.php\/wp-json\/wp\/v2\/media?parent=110606"}],"wp:term":[{"taxonomy":"category","embeddable":true,"href":"https:\/\/blogdoedvaldomagalhaes.com.br\/index.php\/wp-json\/wp\/v2\/categories?post=110606"},{"taxonomy":"post_tag","embeddable":true,"href":"https:\/\/blogdoedvaldomagalhaes.com.br\/index.php\/wp-json\/wp\/v2\/tags?post=110606"}],"curies":[{"name":"wp","href":"https:\/\/api.w.org\/{rel}","templated":true}]}}