{"id":110603,"date":"2024-07-18T21:05:16","date_gmt":"2024-07-19T00:05:16","guid":{"rendered":"https:\/\/blogdoedvaldomagalhaes.com.br\/?p=110603"},"modified":"2024-07-18T23:42:52","modified_gmt":"2024-07-19T02:42:52","slug":"rodrigo-pinheiro-assina-nova-etapa-do-fundo-de-arrendamento-residencial-far-para-beneficio-de-familias-de-baixa-renda-de-caruaru","status":"publish","type":"post","link":"https:\/\/blogdoedvaldomagalhaes.com.br\/index.php\/2024\/07\/18\/rodrigo-pinheiro-assina-nova-etapa-do-fundo-de-arrendamento-residencial-far-para-beneficio-de-familias-de-baixa-renda-de-caruaru\/","title":{"rendered":"Rodrigo Pinheiro assina nova etapa do Fundo de Arrendamento Residencial (FAR) para benef\u00edcio de fam\u00edlias de baixa renda de Caruaru"},"content":{"rendered":"<p>Nesta quinta-feira (18), no gabinete do prefeito de Caruaru, Rodrigo Pinheiro, foi assinada a Etapa 3 do Fundo de Arrendamento Residencial (FAR). O FAR \u00e9 um dos principais respons\u00e1veis por apoiar as pol\u00edticas habitacionais do Governo Federal, com o objetivo de promover o acesso \u00e0 moradia digna para fam\u00edlias de baixa renda.<\/p>\n<p>O ato contou com a presen\u00e7a do novo superintendente Centro Leste de Pernambuco \u2013 SR Caruaru, da Caixa Econ\u00f4mica Federal, Romero Cavalcanti, que oficializou o acordo ao lado do prefeito. Esta superintend\u00eancia da Caixa volta a atuar em Caruaru ap\u00f3s uma articula\u00e7\u00e3o significativa da governadora Raquel Lyra e do prefeito Rodrigo Pinheiro.<\/p>\n<p>\u201cEsta nova fase do FAR trar\u00e1 avan\u00e7os importantes para a pol\u00edtica habitacional local, beneficiando diretamente a popula\u00e7\u00e3o de Caruaru e contribuindo para a melhoria da qualidade de vida das fam\u00edlias de baixa renda\u201d, ressaltou Pinheiro.<\/p>\n<p>Tamb\u00e9m estiveram presentes na cerim\u00f4nia Marco Aur\u00e9lio J\u00fanior, superintendente executivo de governo; Saulo Evangelista, gerente geral da ag\u00eancia Caruaru; Marcos Windson, superintendente executivo de varejo; e Mayara Soares, assessora especial da Prefeitura. Foto: Divulga\u00e7\u00e3o<br \/>\nSeja seguidor do Instagram do Blog @blogdoedvaldomagalhaes<\/p>\n","protected":false},"excerpt":{"rendered":"<p>Nesta quinta-feira (18), no gabinete do prefeito de Caruaru, Rodrigo Pinheiro, foi assinada a Etapa 3 do Fundo de Arrendamento&hellip;<\/p>\n","protected":false},"author":1,"featured_media":110604,"comment_status":"closed","ping_status":"open","sticky":false,"template":"","format":"standard","meta":{"footnotes":""},"categories":[14122],"tags":[28803,27410,2,28801,20,31105],"class_list":["post-110603","post","type-post","status-publish","format-standard","has-post-thumbnail","hentry","category-politica","tag-blog-com-mais-visualizacoes","tag-blog-de-caruaru","tag-blog-do-edvaldo-magalhaes","tag-blog-mais-acessado","tag-politica","tag-rodrigo-pinheiro-assina-nova-etapa-do-fundo-de-arrendamento-residencial-far-para-beneficio-de-familias-de-baixa-renda-de-caruaru"],"_links":{"self":[{"href":"https:\/\/blogdoedvaldomagalhaes.com.br\/index.php\/wp-json\/wp\/v2\/posts\/110603","targetHints":{"allow":["GET"]}}],"collection":[{"href":"https:\/\/blogdoedvaldomagalhaes.com.br\/index.php\/wp-json\/wp\/v2\/posts"}],"about":[{"href":"https:\/\/blogdoedvaldomagalhaes.com.br\/index.php\/wp-json\/wp\/v2\/types\/post"}],"author":[{"embeddable":true,"href":"https:\/\/blogdoedvaldomagalhaes.com.br\/index.php\/wp-json\/wp\/v2\/users\/1"}],"replies":[{"embeddable":true,"href":"https:\/\/blogdoedvaldomagalhaes.com.br\/index.php\/wp-json\/wp\/v2\/comments?post=110603"}],"version-history":[{"count":1,"href":"https:\/\/blogdoedvaldomagalhaes.com.br\/index.php\/wp-json\/wp\/v2\/posts\/110603\/revisions"}],"predecessor-version":[{"id":110605,"href":"https:\/\/blogdoedvaldomagalhaes.com.br\/index.php\/wp-json\/wp\/v2\/posts\/110603\/revisions\/110605"}],"wp:featuredmedia":[{"embeddable":true,"href":"https:\/\/blogdoedvaldomagalhaes.com.br\/index.php\/wp-json\/wp\/v2\/media\/110604"}],"wp:attachment":[{"href":"https:\/\/blogdoedvaldomagalhaes.com.br\/index.php\/wp-json\/wp\/v2\/media?parent=110603"}],"wp:term":[{"taxonomy":"category","embeddable":true,"href":"https:\/\/blogdoedvaldomagalhaes.com.br\/index.php\/wp-json\/wp\/v2\/categories?post=110603"},{"taxonomy":"post_tag","embeddable":true,"href":"https:\/\/blogdoedvaldomagalhaes.com.br\/index.php\/wp-json\/wp\/v2\/tags?post=110603"}],"curies":[{"name":"wp","href":"https:\/\/api.w.org\/{rel}","templated":true}]}}