{"id":1106,"date":"2018-10-04T23:12:00","date_gmt":"2018-10-05T02:12:00","guid":{"rendered":"http:\/\/blogdoedvaldomagalhaes.com.br\/index.php\/2018\/10\/04\/pesquisa-datafolha-para-presidente_4\/"},"modified":"2019-02-09T02:33:48","modified_gmt":"2019-02-09T04:33:48","slug":"pesquisa-datafolha-para-presidente_4","status":"publish","type":"post","link":"https:\/\/blogdoedvaldomagalhaes.com.br\/index.php\/2018\/10\/04\/pesquisa-datafolha-para-presidente_4\/","title":{"rendered":"Pesquisa Datafolha para presidente: Bolsonaro tem 39% dos voto v\u00e1lidos e Haddad 25%"},"content":{"rendered":"<div class=\"separator\" style=\"clear: both; text-align: center;\">\n<a href=\"https:\/\/4.bp.blogspot.com\/-G5SSi11XBkc\/W7adtByH_XI\/AAAAAAAA7Nc\/fzmrQMlRRXsiAQPFtBJctqAddCA3_fVpACLcBGAs\/s1600\/essa.jpg\" imageanchor=\"1\" style=\"margin-left: 1em; margin-right: 1em;\"><img loading=\"lazy\" decoding=\"async\" border=\"0\" data-original-height=\"475\" data-original-width=\"640\" height=\"470\" src=\"http:\/\/blogdoedvaldomagalhaes.com.br\/wp-content\/uploads\/2018\/10\/essa-1.jpg\" width=\"640\" \/><\/a><\/div>\n<p><\/p>\n<div style=\"text-align: justify;\">\n<b>Do G1<\/b><\/div>\n<div style=\"text-align: justify;\">\n<\/div>\n<div style=\"text-align: justify;\">\nO Datafolha divulgou nesta quinta-feira (4) o resultado da mais recente pesquisa de inten\u00e7\u00e3o de voto na elei\u00e7\u00e3o presidencial. A pesquisa ouviu 10.930 eleitores nesta quarta-feira (3) e na quinta (4).&nbsp;<\/div>\n<div style=\"text-align: justify;\">\n<\/div>\n<div style=\"text-align: justify;\">\nO n\u00edvel de confian\u00e7a da pesquisa \u00e9 de 95%. Isso quer dizer que h\u00e1 uma probabilidade de 95% de os resultados retratarem a realidade, considerando a margem de erro, que \u00e9 de 2 pontos, para mais ou para menos.&nbsp;<\/div>\n<div style=\"text-align: justify;\">\n<\/div>\n<div style=\"text-align: justify;\">\nNos votos totais, os resultados foram os seguintes:&nbsp;<\/div>\n<div style=\"text-align: justify;\">\n<\/div>\n<div style=\"text-align: justify;\">\nJair Bolsonaro (PSL): 35%<\/div>\n<div style=\"text-align: justify;\">\nFernando Haddad (PT): 22%<\/div>\n<div style=\"text-align: justify;\">\nCiro Gomes (PDT): 11%<\/div>\n<div style=\"text-align: justify;\">\nGeraldo Alckmin (PSDB): 8%<\/div>\n<div style=\"text-align: justify;\">\nMarina Silva (Rede): 4%<\/div>\n<div style=\"text-align: justify;\">\nJo\u00e3o Amo\u00eado (Novo): 3%<\/div>\n<div style=\"text-align: justify;\">\nAlvaro Dias (Podemos): 2%<\/div>\n<div style=\"text-align: justify;\">\nHenrique Meirelles (MDB): 2%<\/div>\n<div style=\"text-align: justify;\">\nCabo Daciolo (Patriota): 1%<\/div>\n<div style=\"text-align: justify;\">\nGuilherme Boulos (PSOL): 0%<\/div>\n<div style=\"text-align: justify;\">\nVera L\u00facia (PSTU): 0%<\/div>\n<div style=\"text-align: justify;\">\nJo\u00e3o Goulart Filho (PPL): 0%<\/div>\n<div style=\"text-align: justify;\">\nEymael (DC): 0%<\/div>\n<div style=\"text-align: justify;\">\nBranco\/nulos: 6%<\/div>\n<div style=\"text-align: justify;\">\nN\u00e3o sabe\/n\u00e3o respondeu: 5%<\/div>\n<div style=\"text-align: justify;\">\nAcima, nos votos totais, s\u00e3o considerados os votos brancos e nulos e o percentual dos eleitores que se declaram indecisos.&nbsp;<\/div>\n<div style=\"text-align: justify;\">\n<\/div>\n<div style=\"text-align: justify;\">\nEm rela\u00e7\u00e3o ao levantamento anterior do instituto, divulgado na ter\u00e7a-feira (2):&nbsp;<\/div>\n<div style=\"text-align: justify;\">\n<\/div>\n<div style=\"text-align: justify;\">\nBolsonaro passou de 32% para 35%;&nbsp;<\/div>\n<div style=\"text-align: justify;\">\n<\/div>\n<div style=\"text-align: justify;\">\nHaddad foi de 21% para 22%;&nbsp;<\/div>\n<div style=\"text-align: justify;\">\n<\/div>\n<div style=\"text-align: justify;\">\nCiro se manteve com 11%;&nbsp;<\/div>\n<div style=\"text-align: justify;\">\n<\/div>\n<div style=\"text-align: justify;\">\nAlckmin foi de 9% para 8%;&nbsp;<\/div>\n<div style=\"text-align: justify;\">\n<\/div>\n<div style=\"text-align: justify;\">\nMarina se manteve com 4%;&nbsp;<\/div>\n<div style=\"text-align: justify;\">\n<\/div>\n<div style=\"text-align: justify;\">\nOs indecisos se mantiveram em 5% e os brancos ou nulos, de 8% para 6%.&nbsp;<\/div>\n<div style=\"text-align: justify;\">\n<\/div>\n<div style=\"text-align: justify;\">\nPara calcular os votos v\u00e1lidos, s\u00e3o exclu\u00eddos da amostra os votos brancos, os nulos e os eleitores que se declaram indecisos. O procedimento \u00e9 o mesmo utilizado pela Justi\u00e7a Eleitoral para divulgar o resultado oficial da elei\u00e7\u00e3o. Para vencer no primeiro turno, um candidato precisa de 50% dos votos v\u00e1lidos mais um voto.&nbsp;<\/div>\n<div style=\"text-align: justify;\">\n<\/div>\n<div style=\"text-align: justify;\">\nJair Bolsonaro (PSL): 39%<\/div>\n<div style=\"text-align: justify;\">\nFernando Haddad (PT): 25%<\/div>\n<div style=\"text-align: justify;\">\nCiro Gomes (PDT): 13%<\/div>\n<div style=\"text-align: justify;\">\nGeraldo Alckmin (PSDB): 9%<\/div>\n<div style=\"text-align: justify;\">\nMarina Silva (Rede): 4%<\/div>\n<div style=\"text-align: justify;\">\nJo\u00e3o Amo\u00eado (Novo): 3%<\/div>\n<div style=\"text-align: justify;\">\nHenrique Meirelles (MDB): 2%<\/div>\n<div style=\"text-align: justify;\">\nAlvaro Dias (Podemos): 2%<\/div>\n<div style=\"text-align: justify;\">\nCabo Daciolo (Patriota): 1%<\/div>\n<div style=\"text-align: justify;\">\nGuilherme Boulos (PSOL): 1%<\/div>\n<div style=\"text-align: justify;\">\nVera L\u00facia (PSTU): 0%<\/div>\n<div style=\"text-align: justify;\">\nJo\u00e3o Goulart Filho (PPL): 0%<\/div>\n<div style=\"text-align: justify;\">\nEymael (DC): 0%<\/div>\n<div style=\"text-align: justify;\">\nO Instituto tamb\u00e9m perguntou: \u201cEm quais desses candidatos voc\u00ea N\u00c3O VOTAR\u00c1 de jeito nenhum NO DOMINGO QUE VEM?\u201d<\/div>\n<div style=\"text-align: justify;\">\n<\/div>\n<div style=\"text-align: justify;\">\nNeste levantamento, portanto, os entrevistados podem citar mais de um candidato. Por isso, os resultados somam mais de 100%.&nbsp;<\/div>\n<div style=\"text-align: justify;\">\n<\/div>\n<div style=\"text-align: justify;\">\nBolsonaro: 45%<\/div>\n<div style=\"text-align: justify;\">\nHaddad: 40%<\/div>\n<div style=\"text-align: justify;\">\nMarina: 28%<\/div>\n<div style=\"text-align: justify;\">\nAlckmin: 24%<\/div>\n<div style=\"text-align: justify;\">\nCiro: 21%<\/div>\n<div style=\"text-align: justify;\">\nMeirelles: 15%<\/div>\n<div style=\"text-align: justify;\">\nBoulos: 14%<\/div>\n<div style=\"text-align: justify;\">\nCabo Daciolo: 14%<\/div>\n<div style=\"text-align: justify;\">\nVera: 13%<\/div>\n<div style=\"text-align: justify;\">\nAlvaro Dias: 13%<\/div>\n<div style=\"text-align: justify;\">\nEymael: 12%<\/div>\n<div style=\"text-align: justify;\">\nAmo\u00eado: 11%<\/div>\n<div style=\"text-align: justify;\">\nJo\u00e3o Goulart Filho: 11%<\/div>\n<div style=\"text-align: justify;\">\nN\u00e3o votaria em nenhum: 2%<\/div>\n<div style=\"text-align: justify;\">\nPoderia votar em todos: 2%<\/div>\n<div style=\"text-align: justify;\">\nN\u00e3o sabe\/n\u00e3o respondeu: 4%<\/div>\n<div style=\"text-align: justify;\">\nSimula\u00e7\u00f5es de segundo turno<\/div>\n<div style=\"text-align: justify;\">\nBolsonaro 44% x 43% Haddad (branco\/nulo: 10%; n\u00e3o sabe: 2%)<\/div>\n<div style=\"text-align: justify;\">\nCiro 48% x 42% Bolsonaro (branco\/nulo: 9%; n\u00e3o sabe: 2%)<\/div>\n<div style=\"text-align: justify;\">\nAlckmin 43% x 42% Bolsonaro (branco\/nulo: 13%; n\u00e3o sabe: 2%)<\/div>\n<div style=\"text-align: justify;\">\nAlckmin 42% x 38% Haddad (branco\/nulo: 17%; n\u00e3o sabe: 3%)<\/div>\n<div style=\"text-align: justify;\">\nMargem de erro: 2 pontos percentuais para mais ou para menos<\/div>\n<div style=\"text-align: justify;\">\nEntrevistados: 10.930 eleitores<\/div>\n<div style=\"text-align: justify;\">\nQuando a pesquisa foi feita: 3 e 4 de outubro<\/div>\n<div style=\"text-align: justify;\">\nRegistro no TSE: BR- 02581\/2018<\/div>\n<div style=\"text-align: justify;\">\nN\u00edvel de confian\u00e7a: 95%<\/div>\n<div style=\"text-align: justify;\">\nContratantes da pesquisa: TV Globo e \u201cFolha de S.Paulo\u201d<\/div>\n<div style=\"text-align: justify;\">\n<\/div>\n","protected":false},"excerpt":{"rendered":"<p>Do G1 O Datafolha divulgou nesta quinta-feira (4) o resultado da mais recente pesquisa de inten\u00e7\u00e3o de voto na elei\u00e7\u00e3o&hellip;<\/p>\n","protected":false},"author":1,"featured_media":0,"comment_status":"open","ping_status":"open","sticky":false,"template":"","format":"standard","meta":{"footnotes":""},"categories":[1],"tags":[2,1057,20],"class_list":["post-1106","post","type-post","status-publish","format-standard","hentry","category-sem-categoria","tag-blog-do-edvaldo-magalhaes","tag-pesquisa-datafolha-para-presidente-bolsonaro-tem-39-dos-voto-validos-e-haddad-25","tag-politica"],"_links":{"self":[{"href":"https:\/\/blogdoedvaldomagalhaes.com.br\/index.php\/wp-json\/wp\/v2\/posts\/1106","targetHints":{"allow":["GET"]}}],"collection":[{"href":"https:\/\/blogdoedvaldomagalhaes.com.br\/index.php\/wp-json\/wp\/v2\/posts"}],"about":[{"href":"https:\/\/blogdoedvaldomagalhaes.com.br\/index.php\/wp-json\/wp\/v2\/types\/post"}],"author":[{"embeddable":true,"href":"https:\/\/blogdoedvaldomagalhaes.com.br\/index.php\/wp-json\/wp\/v2\/users\/1"}],"replies":[{"embeddable":true,"href":"https:\/\/blogdoedvaldomagalhaes.com.br\/index.php\/wp-json\/wp\/v2\/comments?post=1106"}],"version-history":[{"count":1,"href":"https:\/\/blogdoedvaldomagalhaes.com.br\/index.php\/wp-json\/wp\/v2\/posts\/1106\/revisions"}],"predecessor-version":[{"id":34647,"href":"https:\/\/blogdoedvaldomagalhaes.com.br\/index.php\/wp-json\/wp\/v2\/posts\/1106\/revisions\/34647"}],"wp:attachment":[{"href":"https:\/\/blogdoedvaldomagalhaes.com.br\/index.php\/wp-json\/wp\/v2\/media?parent=1106"}],"wp:term":[{"taxonomy":"category","embeddable":true,"href":"https:\/\/blogdoedvaldomagalhaes.com.br\/index.php\/wp-json\/wp\/v2\/categories?post=1106"},{"taxonomy":"post_tag","embeddable":true,"href":"https:\/\/blogdoedvaldomagalhaes.com.br\/index.php\/wp-json\/wp\/v2\/tags?post=1106"}],"curies":[{"name":"wp","href":"https:\/\/api.w.org\/{rel}","templated":true}]}}