{"id":1104,"date":"2018-10-05T10:20:00","date_gmt":"2018-10-05T13:20:00","guid":{"rendered":"http:\/\/blogdoedvaldomagalhaes.com.br\/index.php\/2018\/10\/05\/forum-eleitoral-de-caruaru-tera-comando\/"},"modified":"2019-02-09T02:33:48","modified_gmt":"2019-02-09T04:33:48","slug":"forum-eleitoral-de-caruaru-tera-comando","status":"publish","type":"post","link":"https:\/\/blogdoedvaldomagalhaes.com.br\/index.php\/2018\/10\/05\/forum-eleitoral-de-caruaru-tera-comando\/","title":{"rendered":"F\u00f3rum Eleitoral de Caruaru ter\u00e1 comando da PM nas elei\u00e7\u00f5es de domingo"},"content":{"rendered":"<div class=\"separator\" style=\"clear: both; text-align: center;\">\n<a href=\"https:\/\/1.bp.blogspot.com\/-q3XXn6Ts0Z4\/W7c6yRHiW2I\/AAAAAAAA7N4\/AalegVW9qjgO0n1Gq79yDGBa2XYCiU_9gCLcBGAs\/s1600\/eles.jpeg\" imageanchor=\"1\" style=\"margin-left: 1em; margin-right: 1em;\"><img loading=\"lazy\" decoding=\"async\" border=\"0\" data-original-height=\"512\" data-original-width=\"1024\" height=\"320\" src=\"http:\/\/blogdoedvaldomagalhaes.com.br\/wp-content\/uploads\/2018\/10\/eles.jpeg\" width=\"640\" \/><\/a><\/div>\n<p><\/p>\n<div style=\"background-color: white; box-sizing: border-box; line-height: 24px; margin-bottom: 10px; text-align: justify;\">\nO 4\u00ba Batalh\u00e3o de Pol\u00edcia Militar, sediado em Caruaru, realizou na tarde desta quinta-feira (04), coletiva de imprensa para apresenta\u00e7\u00e3o do plano de atividades para as elei\u00e7\u00f5es 2018. De acordo com o tenente-coronel Geovani Augusto, comandante do 4\u00ba BPM, o efetivo policial \u00e9 o maior dos \u00faltimos anos. Ser\u00e3o 1.887 policiais militares que estar\u00e3o espalhados em 13 munic\u00edpios.<\/div>\n<div style=\"background-color: white; box-sizing: border-box; line-height: 24px; margin-bottom: 10px; text-align: justify;\">\nEste ano as a\u00e7\u00f5es policiais contam com o apoio do BIEsp e cavalaria, que estar\u00e3o por toda cidade monitorando o andamento das elei\u00e7\u00f5es. Diferentemente de outras elei\u00e7\u00f5es, o comando do Batalh\u00e3o ser\u00e1 transferido temporariamente para o F\u00f3rum Eleitoral de Caruaru, com o intuito de solucionar qualquer problema que surgir com maior agilidade.<\/div>\n<div style=\"background-color: white; box-sizing: border-box; line-height: 24px; margin-bottom: 10px; text-align: justify;\">\n<\/div>\n<div style=\"text-align: justify;\">\n<\/div>\n","protected":false},"excerpt":{"rendered":"<p>O 4\u00ba Batalh\u00e3o de Pol\u00edcia Militar, sediado em Caruaru, realizou na tarde desta quinta-feira (04), coletiva de imprensa para apresenta\u00e7\u00e3o&hellip;<\/p>\n","protected":false},"author":1,"featured_media":0,"comment_status":"open","ping_status":"open","sticky":false,"template":"","format":"standard","meta":{"footnotes":""},"categories":[1],"tags":[2,1055,20],"class_list":["post-1104","post","type-post","status-publish","format-standard","hentry","category-sem-categoria","tag-blog-do-edvaldo-magalhaes","tag-forum-eleitoral-de-caruaru-tera-comando-da-pm-nas-eleicoes-de-domingo","tag-politica"],"_links":{"self":[{"href":"https:\/\/blogdoedvaldomagalhaes.com.br\/index.php\/wp-json\/wp\/v2\/posts\/1104","targetHints":{"allow":["GET"]}}],"collection":[{"href":"https:\/\/blogdoedvaldomagalhaes.com.br\/index.php\/wp-json\/wp\/v2\/posts"}],"about":[{"href":"https:\/\/blogdoedvaldomagalhaes.com.br\/index.php\/wp-json\/wp\/v2\/types\/post"}],"author":[{"embeddable":true,"href":"https:\/\/blogdoedvaldomagalhaes.com.br\/index.php\/wp-json\/wp\/v2\/users\/1"}],"replies":[{"embeddable":true,"href":"https:\/\/blogdoedvaldomagalhaes.com.br\/index.php\/wp-json\/wp\/v2\/comments?post=1104"}],"version-history":[{"count":1,"href":"https:\/\/blogdoedvaldomagalhaes.com.br\/index.php\/wp-json\/wp\/v2\/posts\/1104\/revisions"}],"predecessor-version":[{"id":34651,"href":"https:\/\/blogdoedvaldomagalhaes.com.br\/index.php\/wp-json\/wp\/v2\/posts\/1104\/revisions\/34651"}],"wp:attachment":[{"href":"https:\/\/blogdoedvaldomagalhaes.com.br\/index.php\/wp-json\/wp\/v2\/media?parent=1104"}],"wp:term":[{"taxonomy":"category","embeddable":true,"href":"https:\/\/blogdoedvaldomagalhaes.com.br\/index.php\/wp-json\/wp\/v2\/categories?post=1104"},{"taxonomy":"post_tag","embeddable":true,"href":"https:\/\/blogdoedvaldomagalhaes.com.br\/index.php\/wp-json\/wp\/v2\/tags?post=1104"}],"curies":[{"name":"wp","href":"https:\/\/api.w.org\/{rel}","templated":true}]}}