{"id":1103,"date":"2018-10-05T11:20:00","date_gmt":"2018-10-05T14:20:00","guid":{"rendered":"http:\/\/blogdoedvaldomagalhaes.com.br\/index.php\/2018\/10\/05\/confira-os-novos-locais-de-votacao-e\/"},"modified":"2019-02-09T02:33:48","modified_gmt":"2019-02-09T04:33:48","slug":"confira-os-novos-locais-de-votacao-e","status":"publish","type":"post","link":"https:\/\/blogdoedvaldomagalhaes.com.br\/index.php\/2018\/10\/05\/confira-os-novos-locais-de-votacao-e\/","title":{"rendered":"Confira os novos locais de vota\u00e7\u00e3o em Caruaru"},"content":{"rendered":"<div class=\"post-body entry-content\" id=\"post-body-4927551461044360154\" itemprop=\"description articleBody\" style=\"background-color: white; line-height: 1.4; position: relative; width: 620px;\">\n<div class=\"separator\" style=\"clear: both; text-align: center;\">\n<a href=\"https:\/\/1.bp.blogspot.com\/-WyvzRC-E-ik\/W7dIIJHfylI\/AAAAAAAA7OE\/1qF03C-0rRgVmZ2CDAvJ4fjGmgmxwKw-gCLcBGAs\/s1600\/zona.jpg\" imageanchor=\"1\" style=\"margin-left: 1em; margin-right: 1em;\"><img loading=\"lazy\" decoding=\"async\" border=\"0\" data-original-height=\"338\" data-original-width=\"450\" height=\"480\" src=\"http:\/\/blogdoedvaldomagalhaes.com.br\/wp-content\/uploads\/2018\/10\/zona.jpg\" width=\"640\" \/><\/a><\/div>\n<div class=\"separator\" style=\"clear: both; text-align: center;\">\n<\/div>\n<div class=\"separator\" style=\"clear: both; text-align: justify;\">\nConfira as se\u00e7\u00f5es que mudaram:<\/div>\n<div class=\"separator\" style=\"clear: both; text-align: justify;\">\n<\/div>\n<div class=\"separator\" style=\"clear: both; text-align: justify;\">\n<b>41\u00aa Zona Eleitoral<\/b><\/div>\n<div class=\"separator\" style=\"clear: both; text-align: justify;\">\n<\/div>\n<div class=\"separator\" style=\"clear: both; text-align: justify;\">\nAs se\u00e7\u00f5es 36 e 37, da Escola Municipal Manoel Felix de Almeida, localizada no S\u00edtio Malhada de Barreiras Queimadas, funcionar\u00e3o no Posto de Sa\u00fade localizado ao lado da escola.<\/div>\n<div class=\"separator\" style=\"clear: both; text-align: justify;\">\n<\/div>\n<div class=\"separator\" style=\"clear: both; text-align: justify;\">\nAs se\u00e7\u00f5es 50 e 120, da Escola Municipal Professora Maria Alice, localizada no S\u00edtio Jacar\u00e9 de Gon\u00e7alves Ferreira, funcionar\u00e3o no Sal\u00e3o Comunit\u00e1rio da mesma localidade.<\/div>\n<div class=\"separator\" style=\"clear: both; text-align: justify;\">\n<\/div>\n<div class=\"separator\" style=\"clear: both; text-align: justify;\">\nAs se\u00e7\u00f5es 59, 60 e 111, da Escola Municipal Capit\u00e3o Jo\u00e3o Velho, localizada no S\u00edtio Serra Velha, funcionar\u00e3o no Posto de Sa\u00fade localizado na mesma rua.<\/div>\n<div class=\"separator\" style=\"clear: both; text-align: justify;\">\n<\/div>\n<div class=\"separator\" style=\"clear: both; text-align: justify;\">\nAs se\u00e7\u00f5es 83 e 119, da Escola Municipal Francisco da C. Filho, localizada no S\u00edtio Serra Verde, funcionar\u00e3o no Posto de Sa\u00fade localizado ao lado da escola.<\/div>\n<div class=\"separator\" style=\"clear: both; text-align: justify;\">\n<\/div>\n<div class=\"separator\" style=\"clear: both; text-align: justify;\">\nA se\u00e7\u00e3o 40, da Escola Municipal Leonor Felicidade da Concei\u00e7\u00e3o, localizada no S\u00edtio Santa Maria, funcionar\u00e1 na Unidade de Sa\u00fade do S\u00edtio Caldas.<\/div>\n<div class=\"separator\" style=\"clear: both; text-align: justify;\">\n<\/div>\n<div class=\"separator\" style=\"clear: both; text-align: justify;\">\n<b>105\u00aa Zona Eleitoral<\/b><\/div>\n<div class=\"separator\" style=\"clear: both; text-align: justify;\">\n<\/div>\n<div class=\"separator\" style=\"clear: both; text-align: justify;\">\nAs se\u00e7\u00f5es eleitorais da Escola Municipal Maria Anunciada Rodrigues, do Povoado Taquara de Baixo, foram transferidas para a Escola Dom Bernardino Marchi\u00f3, localizado na Rua A\u00e7ucena, no Residencial Luiz Bezerra Torres.<\/div>\n<div class=\"separator\" style=\"clear: both; text-align: justify;\">\n<\/div>\n<div class=\"separator\" style=\"clear: both; text-align: justify;\">\nAs se\u00e7\u00f5es da Escola Castelo Branco foram transferidas para a Escola Municipal Professor Jos\u00e9 Laurentino, localizado na Av. Bel\u00e9m de S\u00e3o Francisco, N\u00ba 53, no bairro Boa Vista II.<\/div>\n<div class=\"separator\" style=\"clear: both; text-align: justify;\">\n<\/div>\n<div class=\"separator\" style=\"clear: both; text-align: justify;\">\nAs se\u00e7\u00f5es 158 e 159 do SESI e as se\u00e7\u00f5es 132, 133 e 134 da Escola Professora Teresa Neuma foram transferidas para a Escola Municipal Margarida Miranda, localizada na Av. Ant\u00f4nio Carlos da Silva, N\u00ba 100, no bairro Jos\u00e9 Carlos de Oliveira.<\/div>\n<div class=\"separator\" style=\"clear: both; text-align: justify;\">\n<\/div>\n<div class=\"separator\" style=\"clear: both; text-align: justify;\">\nAs se\u00e7\u00f5es 107, 128 e 131 da Escola Municipal Mestre Vitalino foram transferidas para o IFPE, localizado na Estrada do Alto do Moura, KM 3,8, no Distrito Industrial.<\/div>\n<div class=\"separator\" style=\"clear: both; text-align: justify;\">\n<\/div>\n<div class=\"separator\" style=\"clear: both; text-align: justify;\">\nAs se\u00e7\u00f5es 235, 242, 254 e 277 da Faculdade ASCES foram transferidas para o Col\u00e9gio Motivo, localizado na Av. Paulo Santos, N\u00ba 96, no bairro Universit\u00e1rio.<\/div>\n<div class=\"separator\" style=\"clear: both; text-align: justify;\">\n<\/div>\n<div class=\"separator\" style=\"clear: both; text-align: justify;\">\nAs se\u00e7\u00f5es 243, 264, 279 e 288 do Col\u00e9gio Municipal \u00c1lvaro Lins foram transferidas para o Col\u00e9gio Adventista, localizado na Rua Bogot\u00e1, N\u00ba 95, no bairro Maur\u00edcio de Nassau.<\/div>\n<div class=\"separator\" style=\"clear: both; text-align: justify;\">\n<\/div>\n<div class=\"separator\" style=\"clear: both; text-align: justify;\">\n<b>106\u00aa Zona Eleitoral<\/b><\/div>\n<div class=\"separator\" style=\"clear: both; text-align: justify;\">\n<\/div>\n<div class=\"separator\" style=\"clear: both; text-align: justify;\">\nAs se\u00e7\u00f5es da Escola Reunida Casa do Trabalhador foram transferidas para o pr\u00e9dio da antiga Escola Antenor Sim\u00f5es, localizada na Rua Bahia, no bairro Divin\u00f3polis.<\/div>\n<div class=\"separator\" style=\"clear: both; text-align: justify;\">\n<\/div>\n<div class=\"separator\" style=\"clear: both; text-align: justify;\">\nAs se\u00e7\u00f5es que funcionavam na Escola Professor Leudo Valen\u00e7a ir\u00e3o funcionar no CEMEI Jos\u00e9 Pinheiro dos Santos Filho, na Rua Fernando Bernardino de Lucena, no bairro S\u00e3o Jos\u00e9.<\/div>\n<div class=\"separator\" style=\"clear: both; text-align: justify;\">\n<\/div>\n<div class=\"separator\" style=\"clear: both; text-align: justify;\">\nA se\u00e7\u00e3o que funcionava na Escola Municipal Ant\u00f4nia Maria da Concei\u00e7\u00e3o Costa, em Taquara de S\u00e3o Pedro, ir\u00e1 funcionar na Escola Municipal Padre Pedro Batista de Aguiar, na Avenida Palmat\u00f3ria, N\u00ba 1000, no Residencial Alto do Moura.<\/div>\n<div class=\"separator\" style=\"clear: both; text-align: justify;\">\n<\/div>\n<div class=\"separator\" style=\"clear: both; text-align: justify;\">\nAs se\u00e7\u00f5es 1, 2, 3, 4 e 5, que funcionavam na Escola Altair Nunes Porto Filho, foram transferidas para a Escola Professor Rubem de Lima Barros, na Avenida 15, N\u00ba 1000, no bairro Cidade Jardim.<\/div>\n<div class=\"separator\" style=\"clear: both; text-align: justify;\">\n<\/div>\n<\/div>\n","protected":false},"excerpt":{"rendered":"<p>Confira as se\u00e7\u00f5es que mudaram: 41\u00aa Zona Eleitoral As se\u00e7\u00f5es 36 e 37, da Escola Municipal Manoel Felix de Almeida,&hellip;<\/p>\n","protected":false},"author":1,"featured_media":0,"comment_status":"open","ping_status":"open","sticky":false,"template":"","format":"standard","meta":{"footnotes":""},"categories":[1],"tags":[2,1054,20],"class_list":["post-1103","post","type-post","status-publish","format-standard","hentry","category-sem-categoria","tag-blog-do-edvaldo-magalhaes","tag-confira-os-novos-locais-de-votacao-em-caruaru","tag-politica"],"_links":{"self":[{"href":"https:\/\/blogdoedvaldomagalhaes.com.br\/index.php\/wp-json\/wp\/v2\/posts\/1103","targetHints":{"allow":["GET"]}}],"collection":[{"href":"https:\/\/blogdoedvaldomagalhaes.com.br\/index.php\/wp-json\/wp\/v2\/posts"}],"about":[{"href":"https:\/\/blogdoedvaldomagalhaes.com.br\/index.php\/wp-json\/wp\/v2\/types\/post"}],"author":[{"embeddable":true,"href":"https:\/\/blogdoedvaldomagalhaes.com.br\/index.php\/wp-json\/wp\/v2\/users\/1"}],"replies":[{"embeddable":true,"href":"https:\/\/blogdoedvaldomagalhaes.com.br\/index.php\/wp-json\/wp\/v2\/comments?post=1103"}],"version-history":[{"count":1,"href":"https:\/\/blogdoedvaldomagalhaes.com.br\/index.php\/wp-json\/wp\/v2\/posts\/1103\/revisions"}],"predecessor-version":[{"id":34653,"href":"https:\/\/blogdoedvaldomagalhaes.com.br\/index.php\/wp-json\/wp\/v2\/posts\/1103\/revisions\/34653"}],"wp:attachment":[{"href":"https:\/\/blogdoedvaldomagalhaes.com.br\/index.php\/wp-json\/wp\/v2\/media?parent=1103"}],"wp:term":[{"taxonomy":"category","embeddable":true,"href":"https:\/\/blogdoedvaldomagalhaes.com.br\/index.php\/wp-json\/wp\/v2\/categories?post=1103"},{"taxonomy":"post_tag","embeddable":true,"href":"https:\/\/blogdoedvaldomagalhaes.com.br\/index.php\/wp-json\/wp\/v2\/tags?post=1103"}],"curies":[{"name":"wp","href":"https:\/\/api.w.org\/{rel}","templated":true}]}}