{"id":110287,"date":"2024-07-09T17:04:08","date_gmt":"2024-07-09T20:04:08","guid":{"rendered":"https:\/\/blogdoedvaldomagalhaes.com.br\/?p=110287"},"modified":"2024-07-09T17:05:26","modified_gmt":"2024-07-09T20:05:26","slug":"governo-raquel-lyra-alcanca-a-marca-de-800-quilometros-de-estradas-recuperadas-com-investimento-de-r-15-bilhao","status":"publish","type":"post","link":"https:\/\/blogdoedvaldomagalhaes.com.br\/index.php\/2024\/07\/09\/governo-raquel-lyra-alcanca-a-marca-de-800-quilometros-de-estradas-recuperadas-com-investimento-de-r-15-bilhao\/","title":{"rendered":"Governo Raquel Lyra alcan\u00e7a a marca de 800 quil\u00f4metros de estradas recuperadas com investimento de R$ 1,5 bilh\u00e3o"},"content":{"rendered":"<p>Em um esfor\u00e7o para recuperar a malha vi\u00e1ria do estado, o Governo Raquel Lyra superou a marca de 800 quil\u00f4metros de estradas requalificadas em apenas 18 meses. O investimento \u00e9 na ordem de R$ 1,5 bilh\u00e3o, incluindo obras paralisadas e demandas solicitadas pela popula\u00e7\u00e3o em diversas regi\u00f5es de Pernambuco. Est\u00e3o sendo requalificados 429,5 quil\u00f4metros e j\u00e1 foram conclu\u00eddos outros 388,5, totalizando mais de 800 quil\u00f4metros. <\/p>\n<p>\u201cO Governo de Pernambuco est\u00e1 decidido recuperar a infraestrutura do nosso Estado e as a\u00e7\u00f5es nas estradas, com muitas entregas j\u00e1 realizadas, e tantas outras pr\u00f3ximas da conclus\u00e3o, s\u00e3o exemplos disso. Al\u00e9m de assegurar o direito de ir e vir das pessoas, a reestrutura\u00e7\u00e3o da malha rodovi\u00e1ria \u00e9 fundamental para escoamento da nossa produ\u00e7\u00e3o em diversas \u00e1reas da economia, atraindo mais desenvolvimento para diversas regi\u00f5es. \u00c9 tamb\u00e9m uma estrat\u00e9gia para retomada do turismo, como \u00e9 o caso de obras entregues e em ritmo avan\u00e7ado em importantes rodovias no Litoral Sul\u201d, ressalta a governadora Raquel Lyra.<\/p>\n<p>Atualmente, 21 estradas est\u00e3o sendo requalificadas, com obras em curso. Entre essas interven\u00e7\u00f5es, destaca-se a PE-015, um dos principais corredores de transporte p\u00fablico da Regi\u00e3o Metropolitana do Recife (RMR), beneficiando mais de 900 mil pessoas. O Governo Raquel Lyra j\u00e1 investiu R$ 85 milh\u00f5es nas obras de restaura\u00e7\u00e3o da rodovia. Al\u00e9m da melhoria da trafegabilidade de mais de 50 mil ve\u00edculos que circulam diariamente pelo local, as interven\u00e7\u00f5es contemplam novas cal\u00e7adas, ciclovias, passeios para pedestres, paisagismo e ilumina\u00e7\u00e3o p\u00fablica em LED. <\/p>\n<p>De acordo com o secret\u00e1rio de Mobilidade e Infraestrutura (Semobi), Diogo Bezerra, as obras de recupera\u00e7\u00e3o, implanta\u00e7\u00e3o e pavimenta\u00e7\u00e3o de estradas contemplam vias de fundamental import\u00e2ncia para o crescimento socioecon\u00f4mico de cada regi\u00e3o. \u201cEstamos fazendo entregas a todo momento. Pernambuco conta com canteiros de obras localizados do Litoral ao Sert\u00e3o, que v\u00e3o se convertendo em estradas mais seguras para motoristas e pedestres e em ganhos para a agricultura e o turismo&#8221;, declara.<\/p>\n<p>Pleito hist\u00f3rico de Jaboat\u00e3o dos Guararapes, a recupera\u00e7\u00e3o da Estrada da Muribeca (PE-017) j\u00e1 recebeu R$ 22,5 milh\u00f5es de investimento e est\u00e1 sendo realizada pelo Governo do Estado. A obra restabelece as caracter\u00edsticas funcionais e estruturais para garantir condi\u00e7\u00f5es adequadas de mobilidade, seguran\u00e7a e conforto para os usu\u00e1rios da via. J\u00e1 a PE-499, conhecida como a Estrada da Cebola, em Terra Nova, no Sert\u00e3o Central, foi restaurada e j\u00e1 beneficia diretamente mais de 45 mil moradores. A rodovia \u00e9 fundamental para o crescimento econ\u00f4mico do munic\u00edpio, gerando desenvolvimento para a regi\u00e3o.<\/p>\n<p>Na Zona da Mata Norte, a PE-075 e a PE-045 est\u00e3o sendo recuperadas e v\u00e3o ajudar no escoamento da produ\u00e7\u00e3o agr\u00edcola da regi\u00e3o. No Agreste, a BR-104 teve sua obra de duplica\u00e7\u00e3o e restaura\u00e7\u00e3o retomada. As interven\u00e7\u00f5es ir\u00e3o facilitar o grande fluxo de ve\u00edculos que transportam mercadorias vindas de Toritama, Caruaru, Santa Cruz do Capibaribe, Taquaritinga do Norte, Cupira e Agrestina, cidades que comp\u00f5em o Polo de Confec\u00e7\u00f5es de Pernambuco.<br \/>\nFoto: Hes\u00edodo G\u00f3es\/Secom<br \/>\nSeja seguidor do Instagram do Blog @blogdoedvaldomagalhaes<\/p>\n","protected":false},"excerpt":{"rendered":"<p>Em um esfor\u00e7o para recuperar a malha vi\u00e1ria do estado, o Governo Raquel Lyra superou a marca de 800 quil\u00f4metros&hellip;<\/p>\n","protected":false},"author":1,"featured_media":110288,"comment_status":"closed","ping_status":"open","sticky":false,"template":"","format":"standard","meta":{"footnotes":""},"categories":[14122],"tags":[30253,28803,13146,28801,31024,20],"class_list":["post-110287","post","type-post","status-publish","format-standard","has-post-thumbnail","hentry","category-politica","tag-blog-caruaru","tag-blog-com-mais-visualizacoes","tag-blog-edvaldo-magalhaes","tag-blog-mais-acessado","tag-governo-raquel-lyra-alcanca-a-marca-de-800-quilometros-de-estradas-recuperadas-com-investimento","tag-politica"],"_links":{"self":[{"href":"https:\/\/blogdoedvaldomagalhaes.com.br\/index.php\/wp-json\/wp\/v2\/posts\/110287","targetHints":{"allow":["GET"]}}],"collection":[{"href":"https:\/\/blogdoedvaldomagalhaes.com.br\/index.php\/wp-json\/wp\/v2\/posts"}],"about":[{"href":"https:\/\/blogdoedvaldomagalhaes.com.br\/index.php\/wp-json\/wp\/v2\/types\/post"}],"author":[{"embeddable":true,"href":"https:\/\/blogdoedvaldomagalhaes.com.br\/index.php\/wp-json\/wp\/v2\/users\/1"}],"replies":[{"embeddable":true,"href":"https:\/\/blogdoedvaldomagalhaes.com.br\/index.php\/wp-json\/wp\/v2\/comments?post=110287"}],"version-history":[{"count":2,"href":"https:\/\/blogdoedvaldomagalhaes.com.br\/index.php\/wp-json\/wp\/v2\/posts\/110287\/revisions"}],"predecessor-version":[{"id":110290,"href":"https:\/\/blogdoedvaldomagalhaes.com.br\/index.php\/wp-json\/wp\/v2\/posts\/110287\/revisions\/110290"}],"wp:featuredmedia":[{"embeddable":true,"href":"https:\/\/blogdoedvaldomagalhaes.com.br\/index.php\/wp-json\/wp\/v2\/media\/110288"}],"wp:attachment":[{"href":"https:\/\/blogdoedvaldomagalhaes.com.br\/index.php\/wp-json\/wp\/v2\/media?parent=110287"}],"wp:term":[{"taxonomy":"category","embeddable":true,"href":"https:\/\/blogdoedvaldomagalhaes.com.br\/index.php\/wp-json\/wp\/v2\/categories?post=110287"},{"taxonomy":"post_tag","embeddable":true,"href":"https:\/\/blogdoedvaldomagalhaes.com.br\/index.php\/wp-json\/wp\/v2\/tags?post=110287"}],"curies":[{"name":"wp","href":"https:\/\/api.w.org\/{rel}","templated":true}]}}