{"id":110284,"date":"2024-07-09T16:58:58","date_gmt":"2024-07-09T19:58:58","guid":{"rendered":"https:\/\/blogdoedvaldomagalhaes.com.br\/?p=110284"},"modified":"2024-07-09T16:59:00","modified_gmt":"2024-07-09T19:59:00","slug":"defesa-civil-de-caruaru-apreendeu-material-analogo-a-explosivo","status":"publish","type":"post","link":"https:\/\/blogdoedvaldomagalhaes.com.br\/index.php\/2024\/07\/09\/defesa-civil-de-caruaru-apreendeu-material-analogo-a-explosivo\/","title":{"rendered":"Defesa Civil de Caruaru apreendeu material an\u00e1logo a explosivo"},"content":{"rendered":"<p>Nessa segunda-feira (08), a Defesa Civil de Caruaru com o apoio da Guarda Municipal apreendeu materiais an\u00e1logos a explosivos. Esse material \u00e9 considerado caseiro e n\u00e3o regulamentado pelos \u00f3rg\u00e3os competentes.<\/p>\n<p>A Defesa Civil havia recebido den\u00fancia dos moradores pr\u00f3ximo, algumas casas foram danificadas em decorr\u00eancia das explos\u00f5es.<\/p>\n<p>Esse material estava sendo usado para a detona\u00e7\u00e3o de rochas. A empresa respons\u00e1vel pelo servi\u00e7o n\u00e3o era credenciada e n\u00e3o tinha compet\u00eancia para executar a a\u00e7\u00e3o. <\/p>\n<p>Foram conduzidos \u00e1 Delegacia de Plat\u00e3o o engenheiro t\u00e9cnico da obra e o respons\u00e1vel pelas detona\u00e7\u00f5es.<\/p>\n<p>A Defesa Civil refor\u00e7a que qualquer desmonte de rocha \u00e9 necess\u00e1rio a libera\u00e7\u00e3o por meio de solicita\u00e7\u00e3o e apresenta\u00e7\u00e3o dos documentos necess\u00e1rios, al\u00e9m do engenheiro t\u00e9cnico respons\u00e1vel pela obra.<br \/>\nFoto: Divulga\u00e7\u00e3o<br \/>\nSeja seguidor do Instagram do Blog @blogdoedvaldomagalhaes<\/p>\n","protected":false},"excerpt":{"rendered":"<p>Nessa segunda-feira (08), a Defesa Civil de Caruaru com o apoio da Guarda Municipal apreendeu materiais an\u00e1logos a explosivos. Esse&hellip;<\/p>\n","protected":false},"author":1,"featured_media":110285,"comment_status":"closed","ping_status":"open","sticky":false,"template":"","format":"standard","meta":{"footnotes":""},"categories":[14120],"tags":[30592,28803,27410,2,28801,31023],"class_list":["post-110284","post","type-post","status-publish","format-standard","has-post-thumbnail","hentry","category-noticias","tag-blog-com-mais-seguidores","tag-blog-com-mais-visualizacoes","tag-blog-de-caruaru","tag-blog-do-edvaldo-magalhaes","tag-blog-mais-acessado","tag-defesa-civil-de-caruaru-apreendeu-material-analogo-a-explosivo"],"_links":{"self":[{"href":"https:\/\/blogdoedvaldomagalhaes.com.br\/index.php\/wp-json\/wp\/v2\/posts\/110284","targetHints":{"allow":["GET"]}}],"collection":[{"href":"https:\/\/blogdoedvaldomagalhaes.com.br\/index.php\/wp-json\/wp\/v2\/posts"}],"about":[{"href":"https:\/\/blogdoedvaldomagalhaes.com.br\/index.php\/wp-json\/wp\/v2\/types\/post"}],"author":[{"embeddable":true,"href":"https:\/\/blogdoedvaldomagalhaes.com.br\/index.php\/wp-json\/wp\/v2\/users\/1"}],"replies":[{"embeddable":true,"href":"https:\/\/blogdoedvaldomagalhaes.com.br\/index.php\/wp-json\/wp\/v2\/comments?post=110284"}],"version-history":[{"count":1,"href":"https:\/\/blogdoedvaldomagalhaes.com.br\/index.php\/wp-json\/wp\/v2\/posts\/110284\/revisions"}],"predecessor-version":[{"id":110286,"href":"https:\/\/blogdoedvaldomagalhaes.com.br\/index.php\/wp-json\/wp\/v2\/posts\/110284\/revisions\/110286"}],"wp:featuredmedia":[{"embeddable":true,"href":"https:\/\/blogdoedvaldomagalhaes.com.br\/index.php\/wp-json\/wp\/v2\/media\/110285"}],"wp:attachment":[{"href":"https:\/\/blogdoedvaldomagalhaes.com.br\/index.php\/wp-json\/wp\/v2\/media?parent=110284"}],"wp:term":[{"taxonomy":"category","embeddable":true,"href":"https:\/\/blogdoedvaldomagalhaes.com.br\/index.php\/wp-json\/wp\/v2\/categories?post=110284"},{"taxonomy":"post_tag","embeddable":true,"href":"https:\/\/blogdoedvaldomagalhaes.com.br\/index.php\/wp-json\/wp\/v2\/tags?post=110284"}],"curies":[{"name":"wp","href":"https:\/\/api.w.org\/{rel}","templated":true}]}}