{"id":110281,"date":"2024-07-09T16:49:13","date_gmt":"2024-07-09T19:49:13","guid":{"rendered":"https:\/\/blogdoedvaldomagalhaes.com.br\/?p=110281"},"modified":"2024-07-09T16:51:27","modified_gmt":"2024-07-09T19:51:27","slug":"neoenergia-convoca-barraqueiros-e-comerciantes-a-solicitarem-ligacao-provisoria-para-o-fig","status":"publish","type":"post","link":"https:\/\/blogdoedvaldomagalhaes.com.br\/index.php\/2024\/07\/09\/neoenergia-convoca-barraqueiros-e-comerciantes-a-solicitarem-ligacao-provisoria-para-o-fig\/","title":{"rendered":"Neoenergia convoca barraqueiros e comerciantes a solicitarem liga\u00e7\u00e3o provis\u00f3ria para o FIG"},"content":{"rendered":"<p>O Festival de Inverno de Garanhuns come\u00e7a nesta quinta-feira (11) e muitos barraqueiros e comerciantes ainda n\u00e3o realizaram a solicita\u00e7\u00e3o de liga\u00e7\u00e3o provis\u00f3ria de energia el\u00e9trica \u00e0 Neoenergia Pernambuco para trabalhar durante a festa. Diante disso, a distribuidora refor\u00e7ou o n\u00famero de colaboradores na loja de atendimento da cidade. \u00c9 importante ressaltar que o prazo para a realiza\u00e7\u00e3o da liga\u00e7\u00e3o \u00e9 de at\u00e9 cinco dias \u00fateis, sendo necess\u00e1rio, portanto, que os interessados deem entrada o mais r\u00e1pido poss\u00edvel. Al\u00e9m disso, \u00e9 necess\u00e1rio que os barraqueiros e comerciantes fiquem atentos \u00e0s instru\u00e7\u00f5es de seguran\u00e7as que devem ser seguidas para que o servi\u00e7o seja realizado.<\/p>\n<p>Entre as exig\u00eancias do setor el\u00e9trico para a realiza\u00e7\u00e3o de uma liga\u00e7\u00e3o provis\u00f3ria est\u00e3o a autoriza\u00e7\u00e3o do uso do solo pela prefeitura, a declara\u00e7\u00e3o da carga que ser\u00e1 utilizada e o pagamento da taxa \u00fanica de vistoria, liga\u00e7\u00e3o e desligamento. O padr\u00e3o de entrada e o aterramento do sistema tamb\u00e9m s\u00e3o de responsabilidades do cliente. \u00c9 importante ressaltar que o local ainda precisa atender aos crit\u00e9rios t\u00e9cnicos e de seguran\u00e7a.<\/p>\n<p>A solicita\u00e7\u00e3o da liga\u00e7\u00e3o provis\u00f3ria \u00e9 imprescind\u00edvel para quem for trabalhar com energia el\u00e9trica durante o FIG porque evita acidentes e garante a qualidade da energia para os barraqueiros e comerciantes. _\u201cO Festival de Inverno re\u00fane milhares de pessoas, de v\u00e1rios locais do nosso Estado e outros estados. Por isso, o cuidado com a liga\u00e7\u00e3o provis\u00f3ria deve ser redobrado, pois garante n\u00e3o apenas o fornecimento de qualidade, como a seguran\u00e7a de todos. A liga\u00e7\u00e3o clandestina, al\u00e9m de crime, representa risco para quem faz e para quem est\u00e1 pr\u00f3ximo, al\u00e9m de comprometer o fornecimento de energia. Temos o compromisso de fornecer seguran\u00e7a e qualidade \u00e0 popula\u00e7\u00e3o\u201d_, *alerta o supervisor da Neoenergia Pernambuco, Marcos Eduardo.*<\/p>\n<p>Outro ponto relevante \u00e9 que a liga\u00e7\u00e3o provis\u00f3ria tamb\u00e9m protege os equipamentos dos barraqueiros e comerciantes, evitando poss\u00edveis danos el\u00e9tricos que podem acabar com a atividade nos dias do evento. _\u201c\u00c9 um cuidado que deve ser tomado por quem deseja trabalhar da forma correta, segura e sem preju\u00edzo_\u201d, *finalizou Marcos Eduardo.*<\/p>\n<p>Todos os detalhes para o processo de solicita\u00e7\u00e3o da liga\u00e7\u00e3o provis\u00f3ria podem ser encontrados ao clicar aqui.<\/p>\n<p>*REQUISITOS DE SEGURAN\u00c7A PARA REALIZA\u00c7\u00c3O DA LIGA\u00c7\u00c3O PROVIS\u00d3RIA*<\/p>\n<p>01 &#8211; Todo material, inclusive o ramal de liga\u00e7\u00e3o (fio que liga a rede da Neoenergia \u00e0 barraca, trailer, palco etc), \u00e9 de responsabilidade do cliente, como tamb\u00e9m a montagem do padr\u00e3o onde ser\u00e1 instalado o medidor.<\/p>\n<p>02 \u2013 O ramal de liga\u00e7\u00e3o dever\u00e1 possuir, obrigatoriamente, as seguintes caracter\u00edsticas: utiliza\u00e7\u00e3o de cabo 4 (quatro) mil\u00edmetros (PP) duas vias, em perfeitas condi\u00e7\u00f5es e sem emendas.<\/p>\n<p>03 &#8211; A Neoenergia n\u00e3o permitir\u00e1 liga\u00e7\u00f5es com condutores pelo solo ou extens\u00e3o.<\/p>\n<p>04 \u2013 As liga\u00e7\u00f5es provis\u00f3rias s\u00f3 poder\u00e3o ser realizadas em locais onde j\u00e1 existe rede de distribui\u00e7\u00e3o de energia e sem travessia de rua.<\/p>\n<p>05 &#8211; As barracas dever\u00e3o possuir ponto de fixa\u00e7\u00e3o (barrote + rack, cantoneira etc.) para eleva\u00e7\u00e3o do ramal de liga\u00e7\u00e3o \u00e0 altura padr\u00e3o de 3 metros.<\/p>\n<p>06 &#8211; As barracas dever\u00e3o ser providas de dispositivo de prote\u00e7\u00e3o (disjuntor), padr\u00e3o Neoenergia.<\/p>\n<p>07 &#8211; Barracas e estruturas met\u00e1licas (palcos, camarins etc.) obrigatoriamente dever\u00e3o ser providos de aterramento.<\/p>\n<p>08 &#8211; A liga\u00e7\u00e3o s\u00f3 ser\u00e1 efetuada mediante a apresenta\u00e7\u00e3o das faturas de consumo e servi\u00e7o pagas.<\/p>\n<p>09 &#8211; Nos casos que forem identificadas cargas adicionais, o cliente dever\u00e1 deslig\u00e1-las at\u00e9 que ocorra a regulariza\u00e7\u00e3o da situa\u00e7\u00e3o junto \u00e0 distribuidora.<\/p>\n<p>11 &#8211; As liga\u00e7\u00f5es provis\u00f3rias das barracas s\u00f3 ser\u00e3o realizadas com cabo de 4 (quatro) mil\u00edmetros (PP) duas vias e o aterramento devidamente instalado.<\/p>\n<p>12 &#8211; A liga\u00e7\u00e3o interna n\u00e3o poder\u00e1 ter contato com a parte met\u00e1lica da barraca.<br \/>\nFoto: Divulga\u00e7\u00e3o\/Neo energia<br \/>\nSeja seguidor do Instagram do Blog @blogdoedvaldomagalhaes<\/p>\n","protected":false},"excerpt":{"rendered":"<p>O Festival de Inverno de Garanhuns come\u00e7a nesta quinta-feira (11) e muitos barraqueiros e comerciantes ainda n\u00e3o realizaram a solicita\u00e7\u00e3o&hellip;<\/p>\n","protected":false},"author":1,"featured_media":110283,"comment_status":"closed","ping_status":"open","sticky":false,"template":"","format":"standard","meta":{"footnotes":""},"categories":[14120],"tags":[28803,27410,2,28801,31022,6],"class_list":["post-110281","post","type-post","status-publish","format-standard","has-post-thumbnail","hentry","category-noticias","tag-blog-com-mais-visualizacoes","tag-blog-de-caruaru","tag-blog-do-edvaldo-magalhaes","tag-blog-mais-acessado","tag-neoenergia-convoca-barraqueiros-e-comerciantes-a-solicitarem-ligacao-provisoria-para-o-fig","tag-noticias"],"_links":{"self":[{"href":"https:\/\/blogdoedvaldomagalhaes.com.br\/index.php\/wp-json\/wp\/v2\/posts\/110281","targetHints":{"allow":["GET"]}}],"collection":[{"href":"https:\/\/blogdoedvaldomagalhaes.com.br\/index.php\/wp-json\/wp\/v2\/posts"}],"about":[{"href":"https:\/\/blogdoedvaldomagalhaes.com.br\/index.php\/wp-json\/wp\/v2\/types\/post"}],"author":[{"embeddable":true,"href":"https:\/\/blogdoedvaldomagalhaes.com.br\/index.php\/wp-json\/wp\/v2\/users\/1"}],"replies":[{"embeddable":true,"href":"https:\/\/blogdoedvaldomagalhaes.com.br\/index.php\/wp-json\/wp\/v2\/comments?post=110281"}],"version-history":[{"count":1,"href":"https:\/\/blogdoedvaldomagalhaes.com.br\/index.php\/wp-json\/wp\/v2\/posts\/110281\/revisions"}],"predecessor-version":[{"id":110282,"href":"https:\/\/blogdoedvaldomagalhaes.com.br\/index.php\/wp-json\/wp\/v2\/posts\/110281\/revisions\/110282"}],"wp:featuredmedia":[{"embeddable":true,"href":"https:\/\/blogdoedvaldomagalhaes.com.br\/index.php\/wp-json\/wp\/v2\/media\/110283"}],"wp:attachment":[{"href":"https:\/\/blogdoedvaldomagalhaes.com.br\/index.php\/wp-json\/wp\/v2\/media?parent=110281"}],"wp:term":[{"taxonomy":"category","embeddable":true,"href":"https:\/\/blogdoedvaldomagalhaes.com.br\/index.php\/wp-json\/wp\/v2\/categories?post=110281"},{"taxonomy":"post_tag","embeddable":true,"href":"https:\/\/blogdoedvaldomagalhaes.com.br\/index.php\/wp-json\/wp\/v2\/tags?post=110281"}],"curies":[{"name":"wp","href":"https:\/\/api.w.org\/{rel}","templated":true}]}}