{"id":110278,"date":"2024-07-09T12:23:35","date_gmt":"2024-07-09T15:23:35","guid":{"rendered":"https:\/\/blogdoedvaldomagalhaes.com.br\/?p=110278"},"modified":"2024-07-09T12:23:37","modified_gmt":"2024-07-09T15:23:37","slug":"policia-federal-deflagra-operacao-crianca-protegida","status":"publish","type":"post","link":"https:\/\/blogdoedvaldomagalhaes.com.br\/index.php\/2024\/07\/09\/policia-federal-deflagra-operacao-crianca-protegida\/","title":{"rendered":"Pol\u00edcia Federal deflagra Opera\u00e7\u00e3o Crian\u00e7a Protegida"},"content":{"rendered":"<p>A Pol\u00edcia Federal deflagrou, nesta ter\u00e7a-feira (09\/07), a Opera\u00e7\u00e3o Crian\u00e7a Protegida, com o objetivo de proteger v\u00edtimas de abuso sexual infantil, ao interromper crimes de armazenamento e compartilhamento de arquivos digitais com conte\u00fado sexual infantojuvenil por meio da Internet.<\/p>\n<p>Uma pessoa foi presa em flagrante durante o cumprimento de um mandado de busca e apreens\u00e3o por equipes de policiais federais no munic\u00edpio de Angelim\/PE. O mandado foi expedido pela 23\u00aa Vara Federal \/PE, ap\u00f3s manifesta\u00e7\u00e3o favor\u00e1vel do Minist\u00e9rio P\u00fablico Federal.<\/p>\n<p>Apurou-se que o investigado armazenava e compartilhava imagens de conte\u00fado sexual infantojuvenil. Ele poder\u00e1 responder por crimes de armazenamento e compartilhamento de material de viol\u00eancia sexual vitimando crian\u00e7as ou adolescentes, sem preju\u00edzo da descoberta de outros crimes no decorrer da investiga\u00e7\u00e3o.<br \/>\nFoto: Divulga\u00e7\u00e3o\/PF<br \/>\nSeja seguidor do Instagram do Blog @blogdoedvaldomagalhaes<\/p>\n","protected":false},"excerpt":{"rendered":"<p>A Pol\u00edcia Federal deflagrou, nesta ter\u00e7a-feira (09\/07), a Opera\u00e7\u00e3o Crian\u00e7a Protegida, com o objetivo de proteger v\u00edtimas de abuso sexual&hellip;<\/p>\n","protected":false},"author":1,"featured_media":110279,"comment_status":"closed","ping_status":"open","sticky":false,"template":"","format":"standard","meta":{"footnotes":""},"categories":[14121],"tags":[28803,27410,2,28801,31021],"class_list":["post-110278","post","type-post","status-publish","format-standard","has-post-thumbnail","hentry","category-policial","tag-blog-com-mais-visualizacoes","tag-blog-de-caruaru","tag-blog-do-edvaldo-magalhaes","tag-blog-mais-acessado","tag-policia-federal-deflagra-operacao-crianca-protegida"],"_links":{"self":[{"href":"https:\/\/blogdoedvaldomagalhaes.com.br\/index.php\/wp-json\/wp\/v2\/posts\/110278","targetHints":{"allow":["GET"]}}],"collection":[{"href":"https:\/\/blogdoedvaldomagalhaes.com.br\/index.php\/wp-json\/wp\/v2\/posts"}],"about":[{"href":"https:\/\/blogdoedvaldomagalhaes.com.br\/index.php\/wp-json\/wp\/v2\/types\/post"}],"author":[{"embeddable":true,"href":"https:\/\/blogdoedvaldomagalhaes.com.br\/index.php\/wp-json\/wp\/v2\/users\/1"}],"replies":[{"embeddable":true,"href":"https:\/\/blogdoedvaldomagalhaes.com.br\/index.php\/wp-json\/wp\/v2\/comments?post=110278"}],"version-history":[{"count":1,"href":"https:\/\/blogdoedvaldomagalhaes.com.br\/index.php\/wp-json\/wp\/v2\/posts\/110278\/revisions"}],"predecessor-version":[{"id":110280,"href":"https:\/\/blogdoedvaldomagalhaes.com.br\/index.php\/wp-json\/wp\/v2\/posts\/110278\/revisions\/110280"}],"wp:featuredmedia":[{"embeddable":true,"href":"https:\/\/blogdoedvaldomagalhaes.com.br\/index.php\/wp-json\/wp\/v2\/media\/110279"}],"wp:attachment":[{"href":"https:\/\/blogdoedvaldomagalhaes.com.br\/index.php\/wp-json\/wp\/v2\/media?parent=110278"}],"wp:term":[{"taxonomy":"category","embeddable":true,"href":"https:\/\/blogdoedvaldomagalhaes.com.br\/index.php\/wp-json\/wp\/v2\/categories?post=110278"},{"taxonomy":"post_tag","embeddable":true,"href":"https:\/\/blogdoedvaldomagalhaes.com.br\/index.php\/wp-json\/wp\/v2\/tags?post=110278"}],"curies":[{"name":"wp","href":"https:\/\/api.w.org\/{rel}","templated":true}]}}